{"id":18340,"date":"2019-11-19T13:23:40","date_gmt":"2019-11-19T16:23:40","guid":{"rendered":"https:\/\/www.radioamigavallenar.cl\/?p=18340"},"modified":"2019-11-19T13:23:41","modified_gmt":"2019-11-19T16:23:41","slug":"nueve-son-los-miembros-de-la-organizacion-de-derecho-privado-sin-fines-de-lucro-la-cual-es-presidida-por-el-intendente-urquieta","status":"publish","type":"post","link":"https:\/\/www.radioamigavallenar.cl\/?p=18340","title":{"rendered":"Nueve son los miembros de la organizaci\u00f3n de derecho privado sin fines de lucro, la cual es presidida por el Intendente Urquieta."},"content":{"rendered":"\n<figure class=\"wp-block-image size-large\"><img loading=\"lazy\" decoding=\"async\" width=\"750\" height=\"400\" src=\"https:\/\/www.radioamigavallenar.cl\/wp-content\/uploads\/2019\/11\/Paleontol\u00f3gico.jpg\" alt=\"\" class=\"wp-image-18341\" srcset=\"https:\/\/www.radioamigavallenar.cl\/wp-content\/uploads\/2019\/11\/Paleontol\u00f3gico.jpg 750w, https:\/\/www.radioamigavallenar.cl\/wp-content\/uploads\/2019\/11\/Paleontol\u00f3gico-300x160.jpg 300w\" sizes=\"auto, (max-width: 750px) 100vw, 750px\" \/><\/figure>\n\n\n\n<p><strong>El sue\u00f1o de ver materializado un centro paleontol\u00f3gico en Atacama se ve cada vez m\u00e1s cerca. Esto luego que se formara la Asamblea Constitutiva que define la Corporaci\u00f3n de Investigaci\u00f3n y Avance de la Paleontolog\u00eda e Historia Natural de Atacama, compuesto por el Intendente de Atacama, Patricio Urquieta; la Alcaldesa de Caldera, Brunilda Gonz\u00e1lez; el Rector de la Universidad de Atacama, Celso Arias; la Seremi de Bienes Nacionales, Carla Guaita; la Seremi de Educaci\u00f3n, Silvia \u00c1lvarez; un representante de la Academia de Ciencias y un representante de la Corproa.<\/strong><\/p>\n\n\n\n<p>El directorio estar\u00e1 compuesto por 9 miembros designados por el Consejo Regional de Atacama y por representantes de la Asamblea General Ordinaria de Socios. \u201cEsta notable idea pone en valor el patrimonio paleontol\u00f3gico de la Regi\u00f3n de Atacama y sin duda que va a ser una contribuci\u00f3n para que podamos abrir puertas al conocimiento, a la ciencia, a la actividad tur\u00edstica y, desde luego, abrir espacios nuevos para poder potenciar el desarrollo de la regi\u00f3n. <\/p>\n\n\n\n<p>Yo creo que este es un paso que simboliza el esfuerzo que se ha realizado durante muchos a\u00f1os, para poder tener lo que hoy tenemos, una institucionalidad que nos va a permitir seguir trabajando en materias paleontol\u00f3gicas y de investigaci\u00f3n, para proyectarlo m\u00e1s all\u00e1 de nuestras fronteras. Este es un gran esfuerzo que se est\u00e1 haciendo por el Gobierno del Presidente Pi\u00f1era, en conjunto con otras instituciones, que marcar\u00e1 un antes y un despu\u00e9s en el trabajo paleontol\u00f3gico en nuestro pa\u00eds\u201d declar\u00f3 el Intendente Urquieta, quien preside la corporaci\u00f3n.<\/p>\n\n\n\n<p>Esta organizaci\u00f3n de derecho privado no tiene fines de lucro y nace del inter\u00e9s p\u00fablico-privado por proteger, investigar y promover el conocimiento de los recursos paleontol\u00f3gicos y naturales que tiene Atacama. Seg\u00fan los paleont\u00f3logos que han investigado el parque Los Dedos, estamos frente a un laboratorio natural \u00fanico, que cuenta con inigualables yacimientos que, sumado a sus paisajes y cielos estrellados, la convierten en un espacio excepcional para generar y atraer ciencia de clase mundial. <\/p>\n\n\n\n<p>Para la Alcaldesa Gonz\u00e1lez, quien a su vez tiene la vicepresidencia de la corporaci\u00f3n, este hito es gracias a que \u201chemos desarrollado un trabajo serio, porque trabajar de manera coordinada con el Gobierno, con el sector privado y con los municipios puede ser in\u00e9dito para nuestro pa\u00eds y eso surge aqu\u00ed, en una regi\u00f3n que da ejemplo de coordinaci\u00f3n y trabajo en conjunto\u201d.<\/p>\n\n\n\n<p>Finalmente, el Rector de la UDA, Celso Arias, agreg\u00f3 \u201cla universidad ve una gran oportunidad cient\u00edfica en la creaci\u00f3n de esta corporaci\u00f3n que va a ejecutar las labores en el sector paleontol\u00f3gico. Nosotros tendremos la posibilidad de que nuestros cient\u00edficos trabajen en esta importante \u00e1rea y podremos comunicarnos con otros cient\u00edficos del mundo\u201d.<\/p>\n","protected":false},"excerpt":{"rendered":"<p>El sue\u00f1o de ver materializado un centro paleontol\u00f3gico en Atacama se ve cada vez m\u00e1s cerca. Esto luego que se formara la Asamblea Constitutiva que&hellip; <\/p>\n","protected":false},"author":2,"featured_media":18341,"comment_status":"open","ping_status":"closed","sticky":false,"template":"","format":"standard","meta":{"footnotes":""},"categories":[7],"tags":[],"class_list":["post-18340","post","type-post","status-publish","format-standard","has-post-thumbnail","hentry","category-atacama"],"_links":{"self":[{"href":"https:\/\/www.radioamigavallenar.cl\/index.php?rest_route=\/wp\/v2\/posts\/18340","targetHints":{"allow":["GET"]}}],"collection":[{"href":"https:\/\/www.radioamigavallenar.cl\/index.php?rest_route=\/wp\/v2\/posts"}],"about":[{"href":"https:\/\/www.radioamigavallenar.cl\/index.php?rest_route=\/wp\/v2\/types\/post"}],"author":[{"embeddable":true,"href":"https:\/\/www.radioamigavallenar.cl\/index.php?rest_route=\/wp\/v2\/users\/2"}],"replies":[{"embeddable":true,"href":"https:\/\/www.radioamigavallenar.cl\/index.php?rest_route=%2Fwp%2Fv2%2Fcomments&post=18340"}],"version-history":[{"count":0,"href":"https:\/\/www.radioamigavallenar.cl\/index.php?rest_route=\/wp\/v2\/posts\/18340\/revisions"}],"wp:featuredmedia":[{"embeddable":true,"href":"https:\/\/www.radioamigavallenar.cl\/index.php?rest_route=\/wp\/v2\/media\/18341"}],"wp:attachment":[{"href":"https:\/\/www.radioamigavallenar.cl\/index.php?rest_route=%2Fwp%2Fv2%2Fmedia&parent=18340"}],"wp:term":[{"taxonomy":"category","embeddable":true,"href":"https:\/\/www.radioamigavallenar.cl\/index.php?rest_route=%2Fwp%2Fv2%2Fcategories&post=18340"},{"taxonomy":"post_tag","embeddable":true,"href":"https:\/\/www.radioamigavallenar.cl\/index.php?rest_route=%2Fwp%2Fv2%2Ftags&post=18340"}],"curies":[{"name":"wp","href":"https:\/\/api.w.org\/{rel}","templated":true}]}}