{"id":18278,"date":"2019-11-18T00:00:00","date_gmt":"2019-11-18T03:00:00","guid":{"rendered":"https:\/\/www.radioamigavallenar.cl\/?p=18278"},"modified":"2019-11-17T21:40:32","modified_gmt":"2019-11-18T00:40:32","slug":"fiscalia-descarta-que-hoy-lunes-se-lleve-a-cabo-audiencia-por-caso-de-catalina-alvarez","status":"publish","type":"post","link":"https:\/\/www.radioamigavallenar.cl\/?p=18278","title":{"rendered":"Fiscal\u00eda descarta que hoy lunes se lleve a cabo audiencia por caso de Catalina Alvarez"},"content":{"rendered":"\n<figure class=\"wp-block-image size-large\"><img loading=\"lazy\" decoding=\"async\" width=\"750\" height=\"400\" src=\"https:\/\/www.radioamigavallenar.cl\/wp-content\/uploads\/2019\/11\/FISCALIA.jpg\" alt=\"\" class=\"wp-image-18279\" srcset=\"https:\/\/www.radioamigavallenar.cl\/wp-content\/uploads\/2019\/11\/FISCALIA.jpg 750w, https:\/\/www.radioamigavallenar.cl\/wp-content\/uploads\/2019\/11\/FISCALIA-300x160.jpg 300w\" sizes=\"auto, (max-width: 750px) 100vw, 750px\" \/><\/figure>\n\n\n\n<p><strong>Fiscal del caso, Christian Gonz\u00e1lez Carriel, indic\u00f3 que la causa est\u00e1 en pleno proceso de investigaci\u00f3n y se han realizado diversas diligencias.<\/strong><\/p>\n\n\n\n<p><strong>Padre de la ni\u00f1a desaparecida agradeci\u00f3 apoyo de la comunidad, pero llam\u00f3 a no entorpecer la investigaci\u00f3n viralizando informaci\u00f3n falsa.<\/strong><\/p>\n\n\n\n<p>Frente a versiones que circularon este domingo por redes sociales, respecto de un supuesto \u201cjuicio\u201d en contra de Hugo Past\u00e9n, imputado en la causa de la desaparici\u00f3n de Catalina Alvarez. La Fiscal\u00eda de Atacama inform\u00f3 que se trata de informaci\u00f3n falsa y maliciosa originada, quiz\u00e1s, por quienes intentan entorpecer la investigaci\u00f3n y favorecer al imputado.<\/p>\n\n\n\n<p>Respecto de ello, el fiscal jefe de Copiap\u00f3 y quien est\u00e1 a cargo del caso, Christian Gonz\u00e1lez Carriel, indic\u00f3 que dicho antecedente est\u00e1 muy lejos de la realidad y que todo el avance de la indagatoria ha sido comunicada en todo momento tanto al padre como a la madre de Catalina de manera personal en dependencias de la Fiscal\u00eda.<\/p>\n\n\n\n<p>\u201cComo Fiscal\u00eda estamos conscientes del inter\u00e9s que la comunidad tiene por este hecho, pero toda la informaci\u00f3n que ha surgido respecto del caso ha sido comunicada en forma oportuna y directa a los padres de Catalina. Ellos tienen conocimiento pleno de todas las diligencias que se han llevado a cabo, en las cuales adem\u00e1s han entregado una muy valiosa colaboraci\u00f3n. Frente a ello, podemos informar responsablemente que por ahora la investigaci\u00f3n se mantiene vigente y no existe a\u00fan alguna audiencia en esta causa. Menos un Juicio, considerando que la investigaci\u00f3n no se ha cerrado\u201d, dijo Gonz\u00e1lez.<\/p>\n\n\n\n<p class=\"has-text-align-center\"><strong>LLAMADO DEL PADRE DE CATALINA<\/strong><\/p>\n\n\n\n<p>Luis Alvarez, padre de Catalina, tambi\u00e9n se refiri\u00f3 a esta informaci\u00f3n falsa que fue subida a redes sociales y que llam\u00f3 la atenci\u00f3n de la comunidad, adem\u00e1s de otras que hac\u00edan referencia a atentar en contra de las oficinas de la Fiscal\u00eda.<\/p>\n\n\n\n<p>Alvarez, agradeci\u00f3 el permanente apoyo que la ciudadan\u00eda ha entregado por el caso de su hija, pero pidi\u00f3 que no se atente en contra del Ministerio P\u00fablico porque actos de este tipo pueden entorpecer directamente la investigaci\u00f3n.<\/p>\n\n\n\n<p>\u201cPido a todas las personas que me apoyen, que apoyen a la madre de Catalina y a nuestra familia, pero no lleguemos a cometer este tipo de actos. Quiz\u00e1s la persona que subi\u00f3 la informaci\u00f3n del supuesto juicio para este lunes, quiere que se entorpezca la investigaci\u00f3n pues eso es totalmente falso\u201d, dijo.<\/p>\n\n\n\n<p>Finalmente, Luis Alvarez hizo un llamado a la gente que se ha mantenido atento al avance del caso de su hija para que no afecten la indagatoria, ya que no quieren que se pierdan los antecedentes y medios de prueba que se han logrado reunir por parte de la Fiscal\u00eda y el trabajo de la PDI.<\/p>\n","protected":false},"excerpt":{"rendered":"<p>Fiscal del caso, Christian Gonz\u00e1lez Carriel, indic\u00f3 que la causa est\u00e1 en pleno proceso de investigaci\u00f3n y se han realizado diversas diligencias. Padre de la&hellip; <\/p>\n","protected":false},"author":2,"featured_media":18279,"comment_status":"open","ping_status":"closed","sticky":false,"template":"","format":"standard","meta":{"footnotes":""},"categories":[7],"tags":[],"class_list":["post-18278","post","type-post","status-publish","format-standard","has-post-thumbnail","hentry","category-atacama"],"_links":{"self":[{"href":"https:\/\/www.radioamigavallenar.cl\/index.php?rest_route=\/wp\/v2\/posts\/18278","targetHints":{"allow":["GET"]}}],"collection":[{"href":"https:\/\/www.radioamigavallenar.cl\/index.php?rest_route=\/wp\/v2\/posts"}],"about":[{"href":"https:\/\/www.radioamigavallenar.cl\/index.php?rest_route=\/wp\/v2\/types\/post"}],"author":[{"embeddable":true,"href":"https:\/\/www.radioamigavallenar.cl\/index.php?rest_route=\/wp\/v2\/users\/2"}],"replies":[{"embeddable":true,"href":"https:\/\/www.radioamigavallenar.cl\/index.php?rest_route=%2Fwp%2Fv2%2Fcomments&post=18278"}],"version-history":[{"count":0,"href":"https:\/\/www.radioamigavallenar.cl\/index.php?rest_route=\/wp\/v2\/posts\/18278\/revisions"}],"wp:featuredmedia":[{"embeddable":true,"href":"https:\/\/www.radioamigavallenar.cl\/index.php?rest_route=\/wp\/v2\/media\/18279"}],"wp:attachment":[{"href":"https:\/\/www.radioamigavallenar.cl\/index.php?rest_route=%2Fwp%2Fv2%2Fmedia&parent=18278"}],"wp:term":[{"taxonomy":"category","embeddable":true,"href":"https:\/\/www.radioamigavallenar.cl\/index.php?rest_route=%2Fwp%2Fv2%2Fcategories&post=18278"},{"taxonomy":"post_tag","embeddable":true,"href":"https:\/\/www.radioamigavallenar.cl\/index.php?rest_route=%2Fwp%2Fv2%2Ftags&post=18278"}],"curies":[{"name":"wp","href":"https:\/\/api.w.org\/{rel}","templated":true}]}}