{"id":18271,"date":"2019-11-16T11:38:27","date_gmt":"2019-11-16T14:38:27","guid":{"rendered":"https:\/\/www.radioamigavallenar.cl\/?p=18271"},"modified":"2019-11-16T11:38:28","modified_gmt":"2019-11-16T14:38:28","slug":"4-derechos-laborales-que-los-trabajadores-agricolas-de-temporada-deberian-conocer","status":"publish","type":"post","link":"https:\/\/www.radioamigavallenar.cl\/?p=18271","title":{"rendered":"4 derechos laborales que los trabajadores agr\u00edcolas de temporada deber\u00edan conocer"},"content":{"rendered":"\n<figure class=\"wp-block-image size-large\"><img loading=\"lazy\" decoding=\"async\" width=\"1024\" height=\"659\" src=\"https:\/\/www.radioamigavallenar.cl\/wp-content\/uploads\/2019\/11\/campesinos_trabajadores-agricolas.jpg\" alt=\"\" class=\"wp-image-18273\" srcset=\"https:\/\/www.radioamigavallenar.cl\/wp-content\/uploads\/2019\/11\/campesinos_trabajadores-agricolas.jpg 1024w, https:\/\/www.radioamigavallenar.cl\/wp-content\/uploads\/2019\/11\/campesinos_trabajadores-agricolas-300x193.jpg 300w, https:\/\/www.radioamigavallenar.cl\/wp-content\/uploads\/2019\/11\/campesinos_trabajadores-agricolas-768x494.jpg 768w\" sizes=\"auto, (max-width: 1024px) 100vw, 1024px\" \/><figcaption>Mexican farm workers harvest celery in a field of Brawley, California, in the Imperial Valley, on January 31, 2017. \nMany of the farm workers expressed fears that they would not be able to continue working in the United States under the President Trump&#8217;s administration. \/ AFP \/ Sandy Huffaker        (Photo credit should read SANDY HUFFAKER\/AFP\/Getty Images)<\/figcaption><\/figure>\n\n\n\n<p>En nuestro pa\u00eds hay miles de trabajadores que laboran por temporadas en el \u00e1rea agr\u00edcola, es decir, participan de faenas transitorias en los tiempos de cosecha o cultivo.<\/p>\n\n\n\n<p>Sus empleos s\u00f3lo duran una temporada, pero a\u00fan as\u00ed hay que recalcar que cuentan con una serie de derechos laborales, al igual que todos los trabajadores en el pa\u00eds. Aqu\u00ed te contamos algunos que deber\u00edas tener en cuenta si te empleas en ese sector.<\/p>\n\n\n\n<p><strong>1- Regal\u00edas<\/strong><br>La\u00a0Direcci\u00f3n del Trabajo\u00a0(DT) explica que un trabajador agr\u00edcola o forestal puede recibir su remuneraci\u00f3n en forma de dinero y regal\u00edas, como por ejemplo, tierras, le\u00f1a u otras especies.<\/p>\n\n\n\n<p>Las regal\u00edas no pueden exceder el 50% de la remuneraci\u00f3n total que recibe la persona y deben quedar estipuladas en el contrato.<\/p>\n\n\n\n<p><strong>2- Casilleros<\/strong><br>La Direcci\u00f3n del Trabajo destaca que si alg\u00fan trabajador debe manipular sustancias t\u00f3xicas o infecciosas durante su jornada laboral, es obligaci\u00f3n del empleador otorgarle dos casilleros, que sean independientes.<\/p>\n\n\n\n<p>Uno est\u00e1 destinado a guardar la ropa de trabajo, que puede entrar en contacto con las sustancias, y el otro a sus cosas personales.<\/p>\n\n\n\n<p><strong>3- Elementos de protecci\u00f3n personal<\/strong><br>Si para realizar el trabajo, la persona necesita usar elementos especiales para protegerse, es obligaci\u00f3n del empleador entreg\u00e1rselos de manera gratuita: no se pueden descontar de las remuneraciones.<\/p>\n\n\n\n<p><strong>4- Contrato por faena<\/strong><br>Cuando alguien trabaja por faena, no le pueden renovar el contrato para el mismo proyecto.<\/p>\n\n\n\n<p>\u201cNo resulta procedente la contrataci\u00f3n sucesiva por obra o faena, si la labor convenida por el trabajador no ha finalizado y contin\u00faa siendo desarrollada por la empresa hasta su total finalizaci\u00f3n. El t\u00e9rmino de la obra o faena precisa para la cual el trabajador es contratado, debe significar el t\u00e9rmino de la respectiva relaci\u00f3n laboral, porque no resulta posible la renovaci\u00f3n de un contrato de este tipo\u201d, aclara la Direcci\u00f3n del Trabajo <\/p>\n\n\n\n<p>Eso s\u00ed, cuando dicha faena termina, la persona puede ser recontratada para una obra distinta.<\/p>\n\n\n\n<p>Si quieres conocer en detalle estos y otros derechos, puedes ingresar a la\u00a0Direcci\u00f3n del Trabajo.<\/p>\n","protected":false},"excerpt":{"rendered":"<p>En nuestro pa\u00eds hay miles de trabajadores que laboran por temporadas en el \u00e1rea agr\u00edcola, es decir, participan de faenas transitorias en los tiempos de&hellip; <\/p>\n","protected":false},"author":2,"featured_media":18273,"comment_status":"open","ping_status":"closed","sticky":false,"template":"","format":"standard","meta":{"footnotes":""},"categories":[7,37],"tags":[],"class_list":["post-18271","post","type-post","status-publish","format-standard","has-post-thumbnail","hentry","category-atacama","category-nacional"],"_links":{"self":[{"href":"https:\/\/www.radioamigavallenar.cl\/index.php?rest_route=\/wp\/v2\/posts\/18271","targetHints":{"allow":["GET"]}}],"collection":[{"href":"https:\/\/www.radioamigavallenar.cl\/index.php?rest_route=\/wp\/v2\/posts"}],"about":[{"href":"https:\/\/www.radioamigavallenar.cl\/index.php?rest_route=\/wp\/v2\/types\/post"}],"author":[{"embeddable":true,"href":"https:\/\/www.radioamigavallenar.cl\/index.php?rest_route=\/wp\/v2\/users\/2"}],"replies":[{"embeddable":true,"href":"https:\/\/www.radioamigavallenar.cl\/index.php?rest_route=%2Fwp%2Fv2%2Fcomments&post=18271"}],"version-history":[{"count":0,"href":"https:\/\/www.radioamigavallenar.cl\/index.php?rest_route=\/wp\/v2\/posts\/18271\/revisions"}],"wp:featuredmedia":[{"embeddable":true,"href":"https:\/\/www.radioamigavallenar.cl\/index.php?rest_route=\/wp\/v2\/media\/18273"}],"wp:attachment":[{"href":"https:\/\/www.radioamigavallenar.cl\/index.php?rest_route=%2Fwp%2Fv2%2Fmedia&parent=18271"}],"wp:term":[{"taxonomy":"category","embeddable":true,"href":"https:\/\/www.radioamigavallenar.cl\/index.php?rest_route=%2Fwp%2Fv2%2Fcategories&post=18271"},{"taxonomy":"post_tag","embeddable":true,"href":"https:\/\/www.radioamigavallenar.cl\/index.php?rest_route=%2Fwp%2Fv2%2Ftags&post=18271"}],"curies":[{"name":"wp","href":"https:\/\/api.w.org\/{rel}","templated":true}]}}