{"id":18268,"date":"2019-11-16T10:21:02","date_gmt":"2019-11-16T13:21:02","guid":{"rendered":"https:\/\/www.radioamigavallenar.cl\/?p=18268"},"modified":"2019-11-16T10:21:02","modified_gmt":"2019-11-16T13:21:02","slug":"diputados-aprueban-indicacion-que-permitira-saldar-deuda-historica-de-profesores","status":"publish","type":"post","link":"https:\/\/www.radioamigavallenar.cl\/?p=18268","title":{"rendered":"Diputados aprueban indicaci\u00f3n que permitir\u00e1 saldar deuda hist\u00f3rica de profesores"},"content":{"rendered":"\n<figure class=\"wp-block-image size-large\"><img loading=\"lazy\" decoding=\"async\" width=\"1024\" height=\"682\" src=\"https:\/\/www.radioamigavallenar.cl\/wp-content\/uploads\/2019\/11\/Punto-prensa-indicaciones-1-1024x682.jpeg\" alt=\"\" class=\"wp-image-18269\" srcset=\"https:\/\/www.radioamigavallenar.cl\/wp-content\/uploads\/2019\/11\/Punto-prensa-indicaciones-1-1024x682.jpeg 1024w, https:\/\/www.radioamigavallenar.cl\/wp-content\/uploads\/2019\/11\/Punto-prensa-indicaciones-1-300x200.jpeg 300w, https:\/\/www.radioamigavallenar.cl\/wp-content\/uploads\/2019\/11\/Punto-prensa-indicaciones-1-768x512.jpeg 768w, https:\/\/www.radioamigavallenar.cl\/wp-content\/uploads\/2019\/11\/Punto-prensa-indicaciones-1.jpeg 1280w\" sizes=\"auto, (max-width: 1024px) 100vw, 1024px\" \/><\/figure>\n\n\n\n<p>Francisco Eguiguren calific\u00f3 el hecho como un momento hist\u00f3rico para los docentes de nuestro pa\u00eds.<\/p>\n\n\n\n<p>En el marco de la discusi\u00f3n sobre la Ley de Presupuesto 2020, la C\u00e1mara de Diputados aprob\u00f3 dos indicaciones fundamentales para las demandas que ha estado realizando la ciudadan\u00eda, por un lado, el aumento del 50% del Aporte al Pilar Solidario; y por otro, un complemento adicional para la pensi\u00f3n de profesores y profesoras de la deuda hist\u00f3rica.<\/p>\n\n\n\n<p>Uno de los principales defensores de estas indicaciones fue el diputado de Renovaci\u00f3n Nacional Francisco Eguiguren, quien calific\u00f3 ambas medidas como un \u201cavance hist\u00f3rico\u201d para Chile.<\/p>\n\n\n\n<p>\u201cEstamos felices porque hoy hemos logrado aprobar contra viento y marea, en forma transversal, siguiendo el mismo impulso que ayer ten\u00edamos con respecto al acuerdo de itinerario para una nueva constituci\u00f3n, dos indicaciones importantes para el pa\u00eds y fundamentales para nuestra clase media\u201d, se\u00f1al\u00f3 Eguiguren.<\/p>\n\n\n\n<p>En ese sentido, el legislador destac\u00f3 la aprobaci\u00f3n de una medida que permite pagar la deuda hist\u00f3rica de los profesores despu\u00e9s de a\u00f1os de conflicto. \u201cEsta indicaci\u00f3n exige al Ejecutivo abrir una glosa que permita pagar la deuda hist\u00f3rica de los profesores de forma gradual, en 5 a\u00f1os, hasta lograr 100 mil pesos adicionales en sus pensiones\u201d, explic\u00f3 el parlamentario.<\/p>\n\n\n\n<p>Finalmente, el diputado por el Distrito 5 se mostr\u00f3 feliz ante los acuerdos que se han logrado en los \u00faltimos d\u00edas y sostuvo \u201cque alegr\u00eda m\u00e1s grande poder ayudar e ir satisfaciendo las demandas sociales tan anheladas por un grupo importante de personas y de familias en Chile\u201d<\/p>\n","protected":false},"excerpt":{"rendered":"<p>Francisco Eguiguren calific\u00f3 el hecho como un momento hist\u00f3rico para los docentes de nuestro pa\u00eds. En el marco de la discusi\u00f3n sobre la Ley de&hellip; <\/p>\n","protected":false},"author":2,"featured_media":18269,"comment_status":"open","ping_status":"closed","sticky":false,"template":"","format":"standard","meta":{"footnotes":""},"categories":[7,37],"tags":[],"class_list":["post-18268","post","type-post","status-publish","format-standard","has-post-thumbnail","hentry","category-atacama","category-nacional"],"_links":{"self":[{"href":"https:\/\/www.radioamigavallenar.cl\/index.php?rest_route=\/wp\/v2\/posts\/18268","targetHints":{"allow":["GET"]}}],"collection":[{"href":"https:\/\/www.radioamigavallenar.cl\/index.php?rest_route=\/wp\/v2\/posts"}],"about":[{"href":"https:\/\/www.radioamigavallenar.cl\/index.php?rest_route=\/wp\/v2\/types\/post"}],"author":[{"embeddable":true,"href":"https:\/\/www.radioamigavallenar.cl\/index.php?rest_route=\/wp\/v2\/users\/2"}],"replies":[{"embeddable":true,"href":"https:\/\/www.radioamigavallenar.cl\/index.php?rest_route=%2Fwp%2Fv2%2Fcomments&post=18268"}],"version-history":[{"count":0,"href":"https:\/\/www.radioamigavallenar.cl\/index.php?rest_route=\/wp\/v2\/posts\/18268\/revisions"}],"wp:featuredmedia":[{"embeddable":true,"href":"https:\/\/www.radioamigavallenar.cl\/index.php?rest_route=\/wp\/v2\/media\/18269"}],"wp:attachment":[{"href":"https:\/\/www.radioamigavallenar.cl\/index.php?rest_route=%2Fwp%2Fv2%2Fmedia&parent=18268"}],"wp:term":[{"taxonomy":"category","embeddable":true,"href":"https:\/\/www.radioamigavallenar.cl\/index.php?rest_route=%2Fwp%2Fv2%2Fcategories&post=18268"},{"taxonomy":"post_tag","embeddable":true,"href":"https:\/\/www.radioamigavallenar.cl\/index.php?rest_route=%2Fwp%2Fv2%2Ftags&post=18268"}],"curies":[{"name":"wp","href":"https:\/\/api.w.org\/{rel}","templated":true}]}}