{"id":18265,"date":"2019-11-16T10:19:05","date_gmt":"2019-11-16T13:19:05","guid":{"rendered":"https:\/\/www.radioamigavallenar.cl\/?p=18265"},"modified":"2019-11-16T10:19:10","modified_gmt":"2019-11-16T13:19:10","slug":"municipios-de-atacama-se-unen-para-realizar-de-igual-forma-consulta-ciudadana","status":"publish","type":"post","link":"https:\/\/www.radioamigavallenar.cl\/?p=18265","title":{"rendered":"Municipios de Atacama se unen para realizar de igual forma consulta ciudadana"},"content":{"rendered":"\n<figure class=\"wp-block-image size-large\"><img loading=\"lazy\" decoding=\"async\" width=\"1024\" height=\"576\" src=\"https:\/\/www.radioamigavallenar.cl\/wp-content\/uploads\/2019\/11\/independencia-1024x576.jpg\" alt=\"\" class=\"wp-image-18266\" srcset=\"https:\/\/www.radioamigavallenar.cl\/wp-content\/uploads\/2019\/11\/independencia-1024x576.jpg 1024w, https:\/\/www.radioamigavallenar.cl\/wp-content\/uploads\/2019\/11\/independencia-300x169.jpg 300w, https:\/\/www.radioamigavallenar.cl\/wp-content\/uploads\/2019\/11\/independencia-768x432.jpg 768w, https:\/\/www.radioamigavallenar.cl\/wp-content\/uploads\/2019\/11\/independencia.jpg 1280w\" sizes=\"auto, (max-width: 1024px) 100vw, 1024px\" \/><\/figure>\n\n\n\n<p>A pesar del llamado de la directiva de la Asociaci\u00f3n Chilena de Municipalidades (ACHM) a bajar la consulta, las alcaldesas y alcaldes de Atacama consideran de vital importancia escuchar directamente la voz de la gente, en un proceso transparente y democr\u00e1tico.<\/p>\n\n\n\n<p>La totalidad de las municipalidades de la regi\u00f3n de Atacama acordaron continuar con el desarrollo de la Consulta Ciudadana como una forma de canalizar los temas que est\u00e1 demandando la ciudadan\u00eda, con el objetivo escuchar directamente la voz de la gente, en un proceso transparente y democr\u00e1tico.<\/p>\n\n\n\n<p>Los Alcaldes y Alcaldesas de Atacama, nuestros concejos municipales y nuestros municipios apoyan las demandas de nuestra comunidad y creemos que realizar esta consulta ciudadana a pesar del llamado de la ACHM, nos permitir\u00e1 obtener directamente de la comunidad su visi\u00f3n y prioridades, pensando siempre en la posibilidad democr\u00e1tica de opinar para la construcci\u00f3n de una mejor comuna, regi\u00f3n y pa\u00eds.<\/p>\n\n\n\n<p>No permitiremos que la voluntad de la ciudadan\u00eda no sea considerada y se avale la propuesta de los que menos legitimidad tienen con el pueblo, o sea los partidos pol\u00edticos; esperamos que la voluntad de los mismos que durante 30 a\u00f1os avalaron el abuso y la desigualdad en el pa\u00eds no prospere y que sea la comunidad la que d\u00e9 la pauta para este nuevo Chile.<\/p>\n\n\n\n<p>Adem\u00e1s, nuestros municipios mantienen el compromiso de incluir a j\u00f3venes entre 14 y 17 a\u00f1os en estas consultas, as\u00ed como sumar tres temas que creemos de suma importancia, como lo son la necesidad del pa\u00eds de convertirse en un Estado Plurinacional, la cuota de g\u00e9nero en la construcci\u00f3n de una Nueva Constituci\u00f3n y su parecer respecto de los qu\u00f3rum para generar los cambios que la comunidad anhela.<\/p>\n","protected":false},"excerpt":{"rendered":"<p>A pesar del llamado de la directiva de la Asociaci\u00f3n Chilena de Municipalidades (ACHM) a bajar la consulta, las alcaldesas y alcaldes de Atacama consideran&hellip; <\/p>\n","protected":false},"author":2,"featured_media":18266,"comment_status":"open","ping_status":"closed","sticky":false,"template":"","format":"standard","meta":{"footnotes":""},"categories":[7,1,2],"tags":[],"class_list":["post-18265","post","type-post","status-publish","format-standard","has-post-thumbnail","hentry","category-atacama","category-provincia-del-huasco-2","category-vallenar"],"_links":{"self":[{"href":"https:\/\/www.radioamigavallenar.cl\/index.php?rest_route=\/wp\/v2\/posts\/18265","targetHints":{"allow":["GET"]}}],"collection":[{"href":"https:\/\/www.radioamigavallenar.cl\/index.php?rest_route=\/wp\/v2\/posts"}],"about":[{"href":"https:\/\/www.radioamigavallenar.cl\/index.php?rest_route=\/wp\/v2\/types\/post"}],"author":[{"embeddable":true,"href":"https:\/\/www.radioamigavallenar.cl\/index.php?rest_route=\/wp\/v2\/users\/2"}],"replies":[{"embeddable":true,"href":"https:\/\/www.radioamigavallenar.cl\/index.php?rest_route=%2Fwp%2Fv2%2Fcomments&post=18265"}],"version-history":[{"count":0,"href":"https:\/\/www.radioamigavallenar.cl\/index.php?rest_route=\/wp\/v2\/posts\/18265\/revisions"}],"wp:featuredmedia":[{"embeddable":true,"href":"https:\/\/www.radioamigavallenar.cl\/index.php?rest_route=\/wp\/v2\/media\/18266"}],"wp:attachment":[{"href":"https:\/\/www.radioamigavallenar.cl\/index.php?rest_route=%2Fwp%2Fv2%2Fmedia&parent=18265"}],"wp:term":[{"taxonomy":"category","embeddable":true,"href":"https:\/\/www.radioamigavallenar.cl\/index.php?rest_route=%2Fwp%2Fv2%2Fcategories&post=18265"},{"taxonomy":"post_tag","embeddable":true,"href":"https:\/\/www.radioamigavallenar.cl\/index.php?rest_route=%2Fwp%2Fv2%2Ftags&post=18265"}],"curies":[{"name":"wp","href":"https:\/\/api.w.org\/{rel}","templated":true}]}}