{"id":18244,"date":"2019-11-15T09:55:47","date_gmt":"2019-11-15T12:55:47","guid":{"rendered":"https:\/\/www.radioamigavallenar.cl\/?p=18244"},"modified":"2019-11-15T09:55:49","modified_gmt":"2019-11-15T12:55:49","slug":"desde-el-fa-a-la-udi-congreso-logra-historico-acuerdo-para-construir-nueva-constitucion","status":"publish","type":"post","link":"https:\/\/www.radioamigavallenar.cl\/?p=18244","title":{"rendered":"Desde el FA a la UDI: Congreso logra hist\u00f3rico acuerdo para construir nueva constituci\u00f3n"},"content":{"rendered":"\n<figure class=\"wp-block-image size-large\"><img loading=\"lazy\" decoding=\"async\" width=\"750\" height=\"400\" src=\"https:\/\/www.radioamigavallenar.cl\/wp-content\/uploads\/2019\/11\/a_uno_1131321-750x400.jpg\" alt=\"\" class=\"wp-image-18245\" srcset=\"https:\/\/www.radioamigavallenar.cl\/wp-content\/uploads\/2019\/11\/a_uno_1131321-750x400.jpg 750w, https:\/\/www.radioamigavallenar.cl\/wp-content\/uploads\/2019\/11\/a_uno_1131321-750x400-300x160.jpg 300w\" sizes=\"auto, (max-width: 750px) 100vw, 750px\" \/><\/figure>\n\n\n\n<p>Tras una marat\u00f3nica jornada de reuniones en el edificio del ex Congreso Nacional, a 28 d\u00edas del estallido social, el oficialismo logr\u00f3 finalmente pactar con la oposici\u00f3n el mecanismo con el cual se llegar\u00e1 a redactar una nueva carta magna, el cual qued\u00f3 plasmado en un\u00a0acuerdo por la paz social y la nueva constituci\u00f3n.<\/p>\n\n\n\n<p>La resoluci\u00f3n fue anunciada por todos los sectores en la Sala de Lectura, y encabezada por el presidente del Senado, Jaime Quintana, quien remarc\u00f3 que es una camino de profundizaci\u00f3n dem\u00f3crata para construir un verdadero contrato social y una \u201cConstituci\u00f3n 100% democr\u00e1tica\u201d.<\/p>\n\n\n\n<p>Despu\u00e9s de horas de claustro,\u00a0desde el Frente Amplio a Chile Vamos -excepto el PC y la FRVS- llegaron a una propuesta\u00a0que incluye un\u00a0plebiscito ciudadano para abril de 2020, en el cual se consultar\u00e1 por la opci\u00f3n de una Convenci\u00f3n Constitucional (Asamblea Constituyente) o una Convenci\u00f3n Mixta Constitucional.<\/p>\n\n\n\n<p>En el segundo caso, se estableci\u00f3 que la instancia estar\u00eda conformada en 50% por miembros elegidos por la ciudadan\u00eda y 50% por parlamentarios, los cuales -de ser escogidos para esa instancia- cesar\u00e1n de su cargo apenas el Servicio Electoral (Servel) acepte su candidatura a la asamblea.<\/p>\n\n\n\n<p>En concreto, los miembros ser\u00e1n elegidos en las pr\u00f3ximas elecciones municipales, en octubre de 2020, cuyos ganadores no podr\u00e1n ser candidatos en ninguna elecci\u00f3n un a\u00f1o despu\u00e9s de cesar en su cargo y s\u00f3lo tendr\u00e1n como objetivo elaborar la nueva constituci\u00f3n.<\/p>\n\n\n\n<h2 class=\"wp-block-heading\">Desacuerdo de \u00faltima hora<\/h2>\n\n\n\n<p>Con todo, dieron frutos las largas negociaciones, donde inicialmente las posturas de la UDI parec\u00edan irreconciliables, y en las que Renovaci\u00f3n Nacional jug\u00f3 un importante rol para lograr el acuerdo.<\/p>\n\n\n\n<p>Sin embargo, hasta \u00faltimo momento fue absolutamente complicado. Previo a la \u00faltima reuni\u00f3n que sell\u00f3 el pacto, el presidente de RN, Mario Desbordes, dijo que hasta \u00faltimo momento hab\u00edan diferencias, que aunque hasta ese punto eran significativamente menores respecto a lo conversado al iniciar el d\u00eda, segu\u00edan siendo importantes.<\/p>\n\n\n\n<p>La principal pugna sobre el final gir\u00f3 en torno a si se forja una nueva constituci\u00f3n desde una \u201choja en blanco\u201d o utilizando como base la constituci\u00f3n de 1980.<\/p>\n\n\n\n<p>En concreto, en la discusi\u00f3n Chile Vamos puso sobre la mesa la opci\u00f3n de un quorum de 2\/3 -aceptado por la oposici\u00f3n- y plante\u00f3 que si no hay acuerdo en alg\u00fan punto se mantenga vigente el art\u00edculo correspondiente de la constituci\u00f3n actual.<\/p>\n\n\n\n<p>Ese punto gener\u00f3 pol\u00e9mica entre la oposici\u00f3n, en lo que consideran transformar\u00eda la discusi\u00f3n de una nueva constituci\u00f3n a una simple reforma constitucional. Eso los dej\u00f3 en conversaciones de pasillo y dej\u00f3 en vilo el encuentro entre ambas partes para zanjar el acuerdo.<\/p>\n\n\n\n<h2 class=\"wp-block-heading\">Voto obligatorio<\/h2>\n\n\n\n<p>Con todo, el humo blanco comenz\u00f3 a salir reci\u00e9n pasada la medianoche, tras la b\u00fasqueda de un mecanismo para solucionar los casos en los que no se logre el qu\u00f3rum de 2\/3, que considera una instancia que revisar\u00e1 la coherencia del articulado final tras su votaci\u00f3n en la Asamblea Constituyente, previo al plebiscito ratificatorio, que -seg\u00fan el presidente del Senado, Jaime Quintana- estiman se realizar\u00eda a fines de 2021 y que contar\u00e1 con voto obligatorio.<\/p>\n\n\n\n<p>As\u00ed, en t\u00e9rminos pr\u00e1cticos, se realizar\u00e1 una especie de discusi\u00f3n en general y otra en particular para resolver aquellos puntos relevantes que hayan quedado inconclusos por falta de quorum, explic\u00f3 el diputado UDI Jaime Bellolio.<\/p>\n\n\n\n<p>Para que este acuerdo se concrete, el presidente de la Comisi\u00f3n de Constituci\u00f3n del Senado, Felipe Harboe, explic\u00f3 que la iniciativa transversal se traducir\u00e1 en<strong>\u00a0<\/strong>un proyecto de reforma constitucional que ingresar\u00e1 a la C\u00e1mara de Diputados y que permitir\u00e1 -en la pr\u00e1ctica- concretar el plebiscito inicial.<\/p>\n","protected":false},"excerpt":{"rendered":"<p>Tras una marat\u00f3nica jornada de reuniones en el edificio del ex Congreso Nacional, a 28 d\u00edas del estallido social, el oficialismo logr\u00f3 finalmente pactar con&hellip; <\/p>\n","protected":false},"author":2,"featured_media":18245,"comment_status":"open","ping_status":"closed","sticky":false,"template":"","format":"standard","meta":{"footnotes":""},"categories":[7,37],"tags":[],"class_list":["post-18244","post","type-post","status-publish","format-standard","has-post-thumbnail","hentry","category-atacama","category-nacional"],"_links":{"self":[{"href":"https:\/\/www.radioamigavallenar.cl\/index.php?rest_route=\/wp\/v2\/posts\/18244","targetHints":{"allow":["GET"]}}],"collection":[{"href":"https:\/\/www.radioamigavallenar.cl\/index.php?rest_route=\/wp\/v2\/posts"}],"about":[{"href":"https:\/\/www.radioamigavallenar.cl\/index.php?rest_route=\/wp\/v2\/types\/post"}],"author":[{"embeddable":true,"href":"https:\/\/www.radioamigavallenar.cl\/index.php?rest_route=\/wp\/v2\/users\/2"}],"replies":[{"embeddable":true,"href":"https:\/\/www.radioamigavallenar.cl\/index.php?rest_route=%2Fwp%2Fv2%2Fcomments&post=18244"}],"version-history":[{"count":0,"href":"https:\/\/www.radioamigavallenar.cl\/index.php?rest_route=\/wp\/v2\/posts\/18244\/revisions"}],"wp:featuredmedia":[{"embeddable":true,"href":"https:\/\/www.radioamigavallenar.cl\/index.php?rest_route=\/wp\/v2\/media\/18245"}],"wp:attachment":[{"href":"https:\/\/www.radioamigavallenar.cl\/index.php?rest_route=%2Fwp%2Fv2%2Fmedia&parent=18244"}],"wp:term":[{"taxonomy":"category","embeddable":true,"href":"https:\/\/www.radioamigavallenar.cl\/index.php?rest_route=%2Fwp%2Fv2%2Fcategories&post=18244"},{"taxonomy":"post_tag","embeddable":true,"href":"https:\/\/www.radioamigavallenar.cl\/index.php?rest_route=%2Fwp%2Fv2%2Ftags&post=18244"}],"curies":[{"name":"wp","href":"https:\/\/api.w.org\/{rel}","templated":true}]}}