{"id":18023,"date":"2019-11-08T00:22:16","date_gmt":"2019-11-08T03:22:16","guid":{"rendered":"https:\/\/www.radioamigavallenar.cl\/?p=18023"},"modified":"2019-11-08T00:22:41","modified_gmt":"2019-11-08T03:22:41","slug":"albemarle-advierte-que-protestas-sociales-han-reducido-su-produccion-de-litio-en-chile","status":"publish","type":"post","link":"https:\/\/www.radioamigavallenar.cl\/?p=18023","title":{"rendered":"Albemarle advierte que protestas sociales han reducido su producci\u00f3n de litio en Chile"},"content":{"rendered":"\n<figure class=\"wp-block-image\"><img loading=\"lazy\" decoding=\"async\" width=\"900\" height=\"600\" src=\"https:\/\/www.radioamigavallenar.cl\/wp-content\/uploads\/2019\/11\/Imagen-An-aerial-view-shows-12822765-900x600.jpg\" alt=\"\" class=\"wp-image-18024\" srcset=\"https:\/\/www.radioamigavallenar.cl\/wp-content\/uploads\/2019\/11\/Imagen-An-aerial-view-shows-12822765-900x600.jpg 900w, https:\/\/www.radioamigavallenar.cl\/wp-content\/uploads\/2019\/11\/Imagen-An-aerial-view-shows-12822765-900x600-300x200.jpg 300w, https:\/\/www.radioamigavallenar.cl\/wp-content\/uploads\/2019\/11\/Imagen-An-aerial-view-shows-12822765-900x600-768x512.jpg 768w\" sizes=\"auto, (max-width: 900px) 100vw, 900px\" \/><\/figure>\n\n\n\n<h4 class=\"wp-block-heading\">Asimismo la compa\u00f1\u00eda, que es el mayor productor mundial de litio, indic\u00f3 que el mercado enfrenta dif\u00edciles condiciones por el exceso oferta.<\/h4>\n\n\n\n<p>El presidente de la unidad de negocio global de litio de la estadounidense Albemarle, Ric Norris, advirti\u00f3 que las protestas sociales&nbsp; han reducido la producci\u00f3n de su planta La Negra en Chile.<\/p>\n\n\n\n<p><strong>La planta produce alrededor de 38.000 toneladas, unas 2.000 toneladas menos que lo esperado.<\/strong><\/p>\n\n\n\n<p>Asimismo la compa\u00f1\u00eda indic\u00f3 que los disturbios han reducido la producci\u00f3n en Chile en unas 500 toneladas, pero no se espera un impacto significativo en los resultados anuales.<\/p>\n\n\n\n<p><strong>\u201cEn este momento, nuestras plantas est\u00e1n operativas y los env\u00edos se mueven seg\u00fan lo programado\u201d, afirm\u00f3 el jefe de finanzas Scott Tozier.<\/strong><\/p>\n\n\n\n<p>Albemarle, que es el mayor productor mundial de litio, advirti\u00f3 que los precios de la materia prima para la fabricaci\u00f3n de bater\u00edas han bajado casi un tercio en el \u00faltimo a\u00f1o y que el mercado tiene un suministro de dos a tres veces superior al necesario.<\/p>\n\n\n\n<p>Se trata del \u00faltimo comentario negativo sobre la industria de r\u00e1pido crecimiento, que suministra directamente los insumos b\u00e1sicos para las bater\u00edas de los autos el\u00e9ctricos.<\/p>\n\n\n\n<p>En tanto, su rival Livent Corp advirti\u00f3 el mi\u00e9rcoles sobre dif\u00edciles condiciones del mercado. Pese al agresivo crecimiento del mercado de veh\u00edculos el\u00e9ctricos, los productores de litio se encuentran complicados por haber procesado demasiado y muy r\u00e1pido el metal blanco.<\/p>\n\n\n\n<p>\u201cEstamos y estaremos lidiando con las dif\u00edciles condiciones del mercado durante los pr\u00f3ximos 12 a 18 meses\u201d, dijo en una conferencia con inversionistas el presidente ejecutivo de Albemarle , Luke Kissam. \u201cActualmente hay una sobreoferta en el mercado\u201d, a\u00f1adi\u00f3.<\/p>\n\n\n\n<p>La firma retras\u00f3 los planes de construcci\u00f3n de plantas con aproximadamente 125.000 toneladas de capacidad de procesamiento de litio adicional, parte de un plan de tener un flujo de caja positivo en dos a\u00f1os.<\/p>\n\n\n\n<p>La noche del mi\u00e9rcoles, la firma prometi\u00f3 ahorros de costos por US$100 millones.<\/p>\n","protected":false},"excerpt":{"rendered":"<p>Asimismo la compa\u00f1\u00eda, que es el mayor productor mundial de litio, indic\u00f3 que el mercado enfrenta dif\u00edciles condiciones por el exceso oferta. El presidente de&hellip; <\/p>\n","protected":false},"author":2,"featured_media":18024,"comment_status":"open","ping_status":"closed","sticky":false,"template":"","format":"standard","meta":{"footnotes":""},"categories":[7,34,37],"tags":[],"class_list":["post-18023","post","type-post","status-publish","format-standard","has-post-thumbnail","hentry","category-atacama","category-mineria","category-nacional"],"_links":{"self":[{"href":"https:\/\/www.radioamigavallenar.cl\/index.php?rest_route=\/wp\/v2\/posts\/18023","targetHints":{"allow":["GET"]}}],"collection":[{"href":"https:\/\/www.radioamigavallenar.cl\/index.php?rest_route=\/wp\/v2\/posts"}],"about":[{"href":"https:\/\/www.radioamigavallenar.cl\/index.php?rest_route=\/wp\/v2\/types\/post"}],"author":[{"embeddable":true,"href":"https:\/\/www.radioamigavallenar.cl\/index.php?rest_route=\/wp\/v2\/users\/2"}],"replies":[{"embeddable":true,"href":"https:\/\/www.radioamigavallenar.cl\/index.php?rest_route=%2Fwp%2Fv2%2Fcomments&post=18023"}],"version-history":[{"count":0,"href":"https:\/\/www.radioamigavallenar.cl\/index.php?rest_route=\/wp\/v2\/posts\/18023\/revisions"}],"wp:featuredmedia":[{"embeddable":true,"href":"https:\/\/www.radioamigavallenar.cl\/index.php?rest_route=\/wp\/v2\/media\/18024"}],"wp:attachment":[{"href":"https:\/\/www.radioamigavallenar.cl\/index.php?rest_route=%2Fwp%2Fv2%2Fmedia&parent=18023"}],"wp:term":[{"taxonomy":"category","embeddable":true,"href":"https:\/\/www.radioamigavallenar.cl\/index.php?rest_route=%2Fwp%2Fv2%2Fcategories&post=18023"},{"taxonomy":"post_tag","embeddable":true,"href":"https:\/\/www.radioamigavallenar.cl\/index.php?rest_route=%2Fwp%2Fv2%2Ftags&post=18023"}],"curies":[{"name":"wp","href":"https:\/\/api.w.org\/{rel}","templated":true}]}}