{"id":17939,"date":"2019-11-06T00:00:31","date_gmt":"2019-11-06T03:00:31","guid":{"rendered":"https:\/\/www.radioamigavallenar.cl\/?p=17939"},"modified":"2019-11-05T23:45:16","modified_gmt":"2019-11-06T02:45:16","slug":"escuelas-y-liceos-municipales-iniciaran-jornada-participativa","status":"publish","type":"post","link":"https:\/\/www.radioamigavallenar.cl\/?p=17939","title":{"rendered":"Escuelas y liceos municipales iniciar\u00e1n jornada participativa"},"content":{"rendered":"\n<figure class=\"wp-block-image\"><img loading=\"lazy\" decoding=\"async\" width=\"800\" height=\"533\" src=\"https:\/\/www.radioamigavallenar.cl\/wp-content\/uploads\/2019\/11\/jornadas-participativas-800x533.jpg\" alt=\"\" class=\"wp-image-17940\" srcset=\"https:\/\/www.radioamigavallenar.cl\/wp-content\/uploads\/2019\/11\/jornadas-participativas-800x533.jpg 800w, https:\/\/www.radioamigavallenar.cl\/wp-content\/uploads\/2019\/11\/jornadas-participativas-800x533-300x200.jpg 300w, https:\/\/www.radioamigavallenar.cl\/wp-content\/uploads\/2019\/11\/jornadas-participativas-800x533-768x512.jpg 768w\" sizes=\"auto, (max-width: 800px) 100vw, 800px\" \/><\/figure>\n\n\n\n<p>Con jornadas participativas, a partir de este mi\u00e9rcoles, las comunidades educativas municipales de Copiap\u00f3, iniciar\u00e1n una serie de encuentros con el prop\u00f3sito de identificar las condiciones para evaluar un progresivo retorno a clases y analizar la situaci\u00f3n que actualmente vive el pa\u00eds.<\/p>\n\n\n\n<p>A la actividad est\u00e1n convocados profesores y diversos actores, en horarios que faciliten su desplazamiento, los que debatir\u00e1n de acuerdo a una pauta de trabajo y viendo adem\u00e1s la realidad educativa de cada establecimiento.<\/p>\n\n\n\n<p>Las jornadas se extender\u00e1n hasta el pr\u00f3ximo viernes 8 de noviembre, donde se decidir\u00e1, si est\u00e1n dadas las condiciones para un retorno a clases de los 31 recintos educativos administrados por el municipio.<\/p>\n\n\n\n<h3 class=\"wp-block-heading\">Calendario jornada participativa<\/h3>\n\n\n\n<p><strong>Mi\u00e9rcoles 06 de noviembre<\/strong><\/p>\n\n\n\n<p>Docentes, asistentes de la educaci\u00f3n y educadoras retornan a los establecimientos educacionales a realizar jornada de conversaci\u00f3n y an\u00e1lisis respecto a la contingencia nacional y el posible retorno a clases. La actividad se desarrollar\u00e1 desde las 08:30 hasta las 11:30 horas.<\/p>\n\n\n\n<p><strong>Jueves 07 de noviembre<\/strong><\/p>\n\n\n\n<p>Se realizar\u00e1n reuniones con padres y apoderados para realizar jornadas de conversaciones y an\u00e1lisis respecto a la contingencia nacional.<\/p>\n\n\n\n<p><strong>Jueves 07 de noviembre<\/strong><\/p>\n\n\n\n<p>Se realizar\u00e1n reuniones con representantes de los Centros de Alumnos, para realizar jornadas de conversaciones y an\u00e1lisis respecto a la contingencia nacional.<\/p>\n\n\n\n<p><strong>Viernes 08 de noviembre<\/strong><\/p>\n\n\n\n<p>Equipos multidisciplinarios de cada establecimiento educacional, instalar\u00e1n una primera l\u00ednea de atenci\u00f3n para acoger los casos de estudiantes que hayan experimentado situaciones cr\u00edticas en el \u00e1mbito de los DDHH, para posteriormente instalar un proceso de apoyo para dichos casos.<\/p>\n\n\n\n<p>Reuni\u00f3n de la Mesa de Educaci\u00f3n Comunal, que convoca a Alcalde, Jefa DAEM, Directiva del Colegio de Profesores, Directiva de Jardines VTF, Directoras y Directores de las escuelas y liceos municipales.<\/p>\n","protected":false},"excerpt":{"rendered":"<p>Con jornadas participativas, a partir de este mi\u00e9rcoles, las comunidades educativas municipales de Copiap\u00f3, iniciar\u00e1n una serie de encuentros con el prop\u00f3sito de identificar las&hellip; <\/p>\n","protected":false},"author":2,"featured_media":17940,"comment_status":"open","ping_status":"closed","sticky":false,"template":"","format":"standard","meta":{"footnotes":""},"categories":[7],"tags":[],"class_list":["post-17939","post","type-post","status-publish","format-standard","has-post-thumbnail","hentry","category-atacama"],"_links":{"self":[{"href":"https:\/\/www.radioamigavallenar.cl\/index.php?rest_route=\/wp\/v2\/posts\/17939","targetHints":{"allow":["GET"]}}],"collection":[{"href":"https:\/\/www.radioamigavallenar.cl\/index.php?rest_route=\/wp\/v2\/posts"}],"about":[{"href":"https:\/\/www.radioamigavallenar.cl\/index.php?rest_route=\/wp\/v2\/types\/post"}],"author":[{"embeddable":true,"href":"https:\/\/www.radioamigavallenar.cl\/index.php?rest_route=\/wp\/v2\/users\/2"}],"replies":[{"embeddable":true,"href":"https:\/\/www.radioamigavallenar.cl\/index.php?rest_route=%2Fwp%2Fv2%2Fcomments&post=17939"}],"version-history":[{"count":0,"href":"https:\/\/www.radioamigavallenar.cl\/index.php?rest_route=\/wp\/v2\/posts\/17939\/revisions"}],"wp:featuredmedia":[{"embeddable":true,"href":"https:\/\/www.radioamigavallenar.cl\/index.php?rest_route=\/wp\/v2\/media\/17940"}],"wp:attachment":[{"href":"https:\/\/www.radioamigavallenar.cl\/index.php?rest_route=%2Fwp%2Fv2%2Fmedia&parent=17939"}],"wp:term":[{"taxonomy":"category","embeddable":true,"href":"https:\/\/www.radioamigavallenar.cl\/index.php?rest_route=%2Fwp%2Fv2%2Fcategories&post=17939"},{"taxonomy":"post_tag","embeddable":true,"href":"https:\/\/www.radioamigavallenar.cl\/index.php?rest_route=%2Fwp%2Fv2%2Ftags&post=17939"}],"curies":[{"name":"wp","href":"https:\/\/api.w.org\/{rel}","templated":true}]}}