{"id":17936,"date":"2019-11-06T00:00:02","date_gmt":"2019-11-06T03:00:02","guid":{"rendered":"https:\/\/www.radioamigavallenar.cl\/?p=17936"},"modified":"2019-11-05T23:43:27","modified_gmt":"2019-11-06T02:43:27","slug":"este-viernes-termina-proceso-de-postulacion-para-acceder-a-beneficios-estudiantiles-para-la-educacion-superior","status":"publish","type":"post","link":"https:\/\/www.radioamigavallenar.cl\/?p=17936","title":{"rendered":"Este viernes termina proceso de postulaci\u00f3n para acceder a Beneficios Estudiantiles para la Educaci\u00f3n Superior"},"content":{"rendered":"\n<figure class=\"wp-block-image\"><img loading=\"lazy\" decoding=\"async\" width=\"800\" height=\"533\" src=\"https:\/\/www.radioamigavallenar.cl\/wp-content\/uploads\/2019\/11\/becas-universitario-800x533.jpg\" alt=\"\" class=\"wp-image-17937\" srcset=\"https:\/\/www.radioamigavallenar.cl\/wp-content\/uploads\/2019\/11\/becas-universitario-800x533.jpg 800w, https:\/\/www.radioamigavallenar.cl\/wp-content\/uploads\/2019\/11\/becas-universitario-800x533-300x200.jpg 300w, https:\/\/www.radioamigavallenar.cl\/wp-content\/uploads\/2019\/11\/becas-universitario-800x533-768x512.jpg 768w\" sizes=\"auto, (max-width: 800px) 100vw, 800px\" \/><\/figure>\n\n\n\n<p>Hasta este viernes 08 de noviembre a las 14.00 horas, el Ministerio de Educaci\u00f3n extendi\u00f3 el\u00a0proceso de postulaci\u00f3n\u00a0a la gratuidad, becas y cr\u00e9ditos para la Educaci\u00f3n Superior, FUAS 2020. En este proceso los estudiantes que quieran ingresar a centros de formaci\u00f3n t\u00e9cnica, institutos profesionales o universidades, y aquellos que ya est\u00e1n cursando una carrera y no cuentan con ayudas estudiantiles, podr\u00e1n completar el\u00a0Formulario \u00danico de Acreditaci\u00f3n Socioecon\u00f3mica\u00a0(FUAS) y as\u00ed estar postulando a todos los beneficios estudiantiles del Estado.<\/p>\n\n\n\n<p>La informaci\u00f3n fue entregada por la Seremi de Educaci\u00f3n Silvia \u00c1lvarez Matthews quien enfatiz\u00f3 que no queremos que ning\u00fan joven se quede fuera de este proceso que les permitir\u00eda contar con ayuda del Estado para cursar sus estudios, por eso el plazo de postulaci\u00f3n se ampli\u00f3 hasta las 14 horas de este viernes 8 de noviembre, para que todos los j\u00f3venes puedan completar con tranquilidad el formulario\u201d.<\/p>\n\n\n\n<h3 class=\"wp-block-heading\">Beneficios Estudiantiles 2020<\/h3>\n\n\n\n<p>Los estudiantes que ingresen a su primer a\u00f1o de Educaci\u00f3n Superior en 2020 podr\u00e1n optar a los siguientes beneficios: Gratuidad, Beca Bicentenario, Beca Nuevo Milenio, Beca Juan G\u00f3mez Millas, Beca Excelencia Acad\u00e9mica, Beca Puntaje PSU, Beca Excelencia T\u00e9cnica, Beca para Hijos de Profesionales de la Educaci\u00f3n, Beca Juan G\u00f3mez Millas Extranjeros, Becas para estudiantes en situaci\u00f3n de discapacidad, Fondo Solidario de Cr\u00e9dito Universitario, Cr\u00e9dito con Garant\u00eda Estatal (CAE), Beca de Alimentaci\u00f3n (Junaeb).<\/p>\n\n\n\n<p>Adem\u00e1s, en el mismo sitio hay otros formularios que permiten optar a las Becas Vocaci\u00f3n de Profesor y a las Becas de Reparaci\u00f3n, por lo que en total los j\u00f3venes pueden postular a 19 beneficios estudiantiles del Estado.<\/p>\n\n\n\n<p>En tanto, los estudiantes que ya est\u00e1n cursando una carrera podr\u00e1n acceder tambi\u00e9n a la Gratuidad, y adem\u00e1s a la Beca Bicentenario, Beca Nuevo Milenio, Beca Juan G\u00f3mez Millas, Beca para Hijos de Profesionales de la Educaci\u00f3n, Beca de Articulaci\u00f3n, Cr\u00e9dito con Garant\u00eda Estatal (CAE), Beca de Alimentaci\u00f3n (Junaeb).<\/p>\n\n\n\n<p>El a\u00f1o pasado m\u00e1s de 500 mil j\u00f3venes postularon en este proceso y por eso desde ya el Ministerio de Educaci\u00f3n tiene disponible una red de informaci\u00f3n en los portales del Mineduc, redes sociales y el Call Center de Ayuda Mineduc 600 600 26 26.<\/p>\n","protected":false},"excerpt":{"rendered":"<p>Hasta este viernes 08 de noviembre a las 14.00 horas, el Ministerio de Educaci\u00f3n extendi\u00f3 el\u00a0proceso de postulaci\u00f3n\u00a0a la gratuidad, becas y cr\u00e9ditos para la&hellip; <\/p>\n","protected":false},"author":2,"featured_media":17937,"comment_status":"open","ping_status":"closed","sticky":false,"template":"","format":"standard","meta":{"footnotes":""},"categories":[7,37],"tags":[],"class_list":["post-17936","post","type-post","status-publish","format-standard","has-post-thumbnail","hentry","category-atacama","category-nacional"],"_links":{"self":[{"href":"https:\/\/www.radioamigavallenar.cl\/index.php?rest_route=\/wp\/v2\/posts\/17936","targetHints":{"allow":["GET"]}}],"collection":[{"href":"https:\/\/www.radioamigavallenar.cl\/index.php?rest_route=\/wp\/v2\/posts"}],"about":[{"href":"https:\/\/www.radioamigavallenar.cl\/index.php?rest_route=\/wp\/v2\/types\/post"}],"author":[{"embeddable":true,"href":"https:\/\/www.radioamigavallenar.cl\/index.php?rest_route=\/wp\/v2\/users\/2"}],"replies":[{"embeddable":true,"href":"https:\/\/www.radioamigavallenar.cl\/index.php?rest_route=%2Fwp%2Fv2%2Fcomments&post=17936"}],"version-history":[{"count":0,"href":"https:\/\/www.radioamigavallenar.cl\/index.php?rest_route=\/wp\/v2\/posts\/17936\/revisions"}],"wp:featuredmedia":[{"embeddable":true,"href":"https:\/\/www.radioamigavallenar.cl\/index.php?rest_route=\/wp\/v2\/media\/17937"}],"wp:attachment":[{"href":"https:\/\/www.radioamigavallenar.cl\/index.php?rest_route=%2Fwp%2Fv2%2Fmedia&parent=17936"}],"wp:term":[{"taxonomy":"category","embeddable":true,"href":"https:\/\/www.radioamigavallenar.cl\/index.php?rest_route=%2Fwp%2Fv2%2Fcategories&post=17936"},{"taxonomy":"post_tag","embeddable":true,"href":"https:\/\/www.radioamigavallenar.cl\/index.php?rest_route=%2Fwp%2Fv2%2Ftags&post=17936"}],"curies":[{"name":"wp","href":"https:\/\/api.w.org\/{rel}","templated":true}]}}