{"id":17933,"date":"2019-11-06T00:00:23","date_gmt":"2019-11-06T03:00:23","guid":{"rendered":"https:\/\/www.radioamigavallenar.cl\/?p=17933"},"modified":"2019-11-05T23:41:00","modified_gmt":"2019-11-06T02:41:00","slug":"contraloria-da-luz-verde-a-construccion-de-nuevo-hospital-de-diego-de-almagro","status":"publish","type":"post","link":"https:\/\/www.radioamigavallenar.cl\/?p=17933","title":{"rendered":"Contralor\u00eda da luz verde a construcci\u00f3n de nuevo Hospital de Diego de Almagro"},"content":{"rendered":"\n<figure class=\"wp-block-image is-resized\"><img loading=\"lazy\" decoding=\"async\" src=\"https:\/\/www.radioamigavallenar.cl\/wp-content\/uploads\/2019\/11\/foto.png\" alt=\"\" class=\"wp-image-17934\" width=\"557\" height=\"316\" srcset=\"https:\/\/www.radioamigavallenar.cl\/wp-content\/uploads\/2019\/11\/foto.png 524w, https:\/\/www.radioamigavallenar.cl\/wp-content\/uploads\/2019\/11\/foto-300x170.png 300w\" sizes=\"auto, (max-width: 557px) 100vw, 557px\" \/><\/figure>\n\n\n\n<p><strong>Un importante paso en la construcci\u00f3n del nuevo Hospital de Diego de Almagro se realiz\u00f3 tras la aprobaci\u00f3n de Contralor\u00eda para la construcci\u00f3n del nuevo recinto hospitalario de la comuna.<\/strong><\/p>\n\n\n\n<p>\u201cEsta es una muy buena noticia que se le entrega a la comuna de Diego de Almagro, porque despu\u00e9s de mucho trabajar, superando trabas administrativas que hab\u00edamos heredado, la Contralor\u00eda General de la Rep\u00fablica ha tomado raz\u00f3n de este contrato que va a permitir construir el nuevo Hospital de Diego de Almagro, y para nosotros es un gran avance que se ha logrado con la unidad del Consejo Regional financiando gran parte de estos 14 mil millones de pesos que est\u00e1n destinados a la inversi\u00f3n de esta estructura y, naturalmente, que para el Gobierno del Presidente Pi\u00f1era es una oportunidad para seguir avanzando en la calidad y en las oportunidades de acceso a la salud de mayor calidad por parte de la gente de Diego de Almagro y de toda la Regi\u00f3n de Atacama\u201d explic\u00f3 el Intendente Patricio Urquieta.<\/p>\n\n\n\n<p>Por su parte, el Director (s) del Servicio de Salud, Claudio Baeza, destac\u00f3 la construcci\u00f3n de este nuevo recinto hospitalario, argumentando que \u201cviene a fortalecer un modelo de Salud m\u00e1s resolutivo, familiar y cercano a toda la gente. Un sue\u00f1o esperado durante mucho tiempo. Un compromiso que asumimos y que hoy hacemos realidad, hemos puesto toda nuestra gesti\u00f3n y recursos para que el proyecto se concrete a la brevedad posible\u201d.<\/p>\n\n\n\n<p>En tanto, el Gobernador de Cha\u00f1aral, Ignacio Urcull\u00fa, manifest\u00f3 que \u201ceste hospital viene a zanjar la brecha que tenemos en la calidad de la salud. Recordemos que la comuna fue azotada por los aluviones de 2015 y 2017, por lo que es una gran noticia para toda la comuna y para la Provincia de Cha\u00f1aral\u201d.<\/p>\n\n\n\n<p>Este Hospital presenta una inversi\u00f3n total de M$14.760.805, el cual considera la reposici\u00f3n del Hospital Comunitario que desarrollar\u00e1 atenciones abiertas, cerradas y de urgencia. El proyecto se desplegar\u00e1 en tres niveles: el primero de ellos contempla el acceso principal, urgencias, rehabilitaci\u00f3n, sala cuna, farmacia, bodegas y salas t\u00e9cnicas, entre otros. En el segundo nivel se encuentra hospitalizaci\u00f3n, laboratorio, esterilizaci\u00f3n, box dental, ginecol\u00f3gico, mientras que en el tercer nivel se ubicar\u00e1 el \u00e1rea administrativa.<\/p>\n\n\n\n<p>Hospital de Diego de Almagro que se suma a otros proyectos que beneficiar\u00e1n la atenci\u00f3n de nuestros usuarios como el Hospital de Huasco, el Cesfam Altiplano Norte de Vallenar, equipamiento del Hospital de Copiap\u00f3 y los Servicios de Alta Resolutividad de Caldera y Paipote, entre otras obras m\u00e1s.<\/p>\n","protected":false},"excerpt":{"rendered":"<p>Un importante paso en la construcci\u00f3n del nuevo Hospital de Diego de Almagro se realiz\u00f3 tras la aprobaci\u00f3n de Contralor\u00eda para la construcci\u00f3n del nuevo&hellip; <\/p>\n","protected":false},"author":2,"featured_media":17934,"comment_status":"open","ping_status":"closed","sticky":false,"template":"","format":"standard","meta":{"footnotes":""},"categories":[7],"tags":[],"class_list":["post-17933","post","type-post","status-publish","format-standard","has-post-thumbnail","hentry","category-atacama"],"_links":{"self":[{"href":"https:\/\/www.radioamigavallenar.cl\/index.php?rest_route=\/wp\/v2\/posts\/17933","targetHints":{"allow":["GET"]}}],"collection":[{"href":"https:\/\/www.radioamigavallenar.cl\/index.php?rest_route=\/wp\/v2\/posts"}],"about":[{"href":"https:\/\/www.radioamigavallenar.cl\/index.php?rest_route=\/wp\/v2\/types\/post"}],"author":[{"embeddable":true,"href":"https:\/\/www.radioamigavallenar.cl\/index.php?rest_route=\/wp\/v2\/users\/2"}],"replies":[{"embeddable":true,"href":"https:\/\/www.radioamigavallenar.cl\/index.php?rest_route=%2Fwp%2Fv2%2Fcomments&post=17933"}],"version-history":[{"count":0,"href":"https:\/\/www.radioamigavallenar.cl\/index.php?rest_route=\/wp\/v2\/posts\/17933\/revisions"}],"wp:featuredmedia":[{"embeddable":true,"href":"https:\/\/www.radioamigavallenar.cl\/index.php?rest_route=\/wp\/v2\/media\/17934"}],"wp:attachment":[{"href":"https:\/\/www.radioamigavallenar.cl\/index.php?rest_route=%2Fwp%2Fv2%2Fmedia&parent=17933"}],"wp:term":[{"taxonomy":"category","embeddable":true,"href":"https:\/\/www.radioamigavallenar.cl\/index.php?rest_route=%2Fwp%2Fv2%2Fcategories&post=17933"},{"taxonomy":"post_tag","embeddable":true,"href":"https:\/\/www.radioamigavallenar.cl\/index.php?rest_route=%2Fwp%2Fv2%2Ftags&post=17933"}],"curies":[{"name":"wp","href":"https:\/\/api.w.org\/{rel}","templated":true}]}}