{"id":17927,"date":"2019-11-06T00:00:08","date_gmt":"2019-11-06T03:00:08","guid":{"rendered":"https:\/\/www.radioamigavallenar.cl\/?p=17927"},"modified":"2019-11-05T23:37:27","modified_gmt":"2019-11-06T02:37:27","slug":"seremi-valoro-aprobacion-de-mecanismo-de-estabilizacion-de-las-tarifas-electricas","status":"publish","type":"post","link":"https:\/\/www.radioamigavallenar.cl\/?p=17927","title":{"rendered":"Seremi valor\u00f3 aprobaci\u00f3n de mecanismo de estabilizaci\u00f3n de las tarifas el\u00e9ctricas"},"content":{"rendered":"\n<figure class=\"wp-block-image\"><img loading=\"lazy\" decoding=\"async\" width=\"1024\" height=\"576\" src=\"https:\/\/www.radioamigavallenar.cl\/wp-content\/uploads\/2019\/11\/cuentas-luz-1024x576.jpg\" alt=\"\" class=\"wp-image-17928\" srcset=\"https:\/\/www.radioamigavallenar.cl\/wp-content\/uploads\/2019\/11\/cuentas-luz-1024x576.jpg 1024w, https:\/\/www.radioamigavallenar.cl\/wp-content\/uploads\/2019\/11\/cuentas-luz-300x169.jpg 300w, https:\/\/www.radioamigavallenar.cl\/wp-content\/uploads\/2019\/11\/cuentas-luz-768x432.jpg 768w, https:\/\/www.radioamigavallenar.cl\/wp-content\/uploads\/2019\/11\/cuentas-luz.jpg 1200w\" sizes=\"auto, (max-width: 1024px) 100vw, 1024px\" \/><\/figure>\n\n\n\n<p><strong>Esta es una de las medidas de la agenda social anunciada por el Gobierno.<\/strong><\/p>\n\n\n\n<p>La seremi de Energ\u00eda de Atacama, Kim-Fa Bondi Hafon, valor\u00f3 la aprobaci\u00f3n en el Congreso del proyecto de ley presentado por el Gobierno del&nbsp;Presidente,&nbsp;Sebasti\u00e1n Pi\u00f1era, que congela las tarifas el\u00e9ctricas para clientes regulados.<\/p>\n\n\n\n<p>Esta iniciativa forma parte de un paquete de medidas&nbsp;para&nbsp;apoyar a las familias m\u00e1s vulnerables y a la clase media, en el contexto de la Nueva Agenda Social del Gobierno.<\/p>\n\n\n\n<p>\u201c\u00c9sta es una buena noticia para el bolsillo de las familias de la regi\u00f3n de Atacama y de todo Chile. Adem\u00e1s de congelar las tarifas hasta diciembre del 2020, permitir\u00e1 adelantar la baja de tarifas que se esperaba a partir del 2023, producto del ingreso de las energ\u00edas renovables y&nbsp;otros contratos m\u00e1s baratos,&nbsp;y neutralizar el efecto del d\u00f3lar, factor que m\u00e1s ha influido en la tarifa el\u00e9ctrica este a\u00f1o\u201d,&nbsp;explic\u00f3&nbsp;la seremi de Energ\u00eda, Kim-Fa Bondi.<\/p>\n\n\n\n<p>El efecto inmediato de la ley es que las cuentas van a volver a los montos que ten\u00edan antes de la \u00faltima alza del&nbsp;segundo semestre de este a\u00f1o -9,2%-, y que se comenz\u00f3 a cobrar este mes, por lo que esa alza se retrotraer\u00e1.<\/p>\n\n\n\n<p>\u201cEstamos conscientes de la importancia de las cuentas de la luz en el presupuesto familiar, por eso est\u00e1bamos analizando&nbsp;una forma de ir en ayuda de los chilenos, proceso al que pusimos m\u00e1xima prioridad en los \u00faltimos d\u00edas. Este mecanismo de estabilizaci\u00f3n requiri\u00f3 un profundo an\u00e1lisis t\u00e9cnico&nbsp;y un di\u00e1logo pol\u00edtico transversal: con representantes de gobierno y de oposici\u00f3n, diputados y senadores, con consultores y con las empresas\u2026 y en menos de 3 d\u00edas de tramitaci\u00f3n logramos aprobarlo\u201d, se\u00f1al\u00f3 el ministro de Energ\u00eda, Juan Carlos Jobet.<\/p>\n\n\n\n<p>El mecanismo de estabilizaci\u00f3n fue dise\u00f1ado de manera tal que la&nbsp;variaci\u00f3n en las tarifas de la electricidad que experimentan las personas, algunas veces abruptas, ser\u00e1n asumidas por las empresas de generaci\u00f3n el\u00e9ctrica.<\/p>\n\n\n\n<p>Asimismo, Jobet destac\u00f3 que&nbsp;este mecanismo se suma a otros cambios&nbsp;para modernizar el sector de energ\u00eda&nbsp;en los que&nbsp;el ministerio&nbsp;trabaja intensamente, como la ley corta de distribuci\u00f3n que se tramita actualmente en el Senado y que disminuir\u00e1 la rentabilidad de las empresas, y la ley larga de distribuci\u00f3n que busca, entre otras materias, mejorar la calidad de servicio que reciben los usuarios y entregarles&nbsp;mayor competencia.<\/p>\n","protected":false},"excerpt":{"rendered":"<p>Esta es una de las medidas de la agenda social anunciada por el Gobierno. La seremi de Energ\u00eda de Atacama, Kim-Fa Bondi Hafon, valor\u00f3 la&hellip; <\/p>\n","protected":false},"author":2,"featured_media":17928,"comment_status":"open","ping_status":"closed","sticky":false,"template":"","format":"standard","meta":{"footnotes":""},"categories":[7],"tags":[],"class_list":["post-17927","post","type-post","status-publish","format-standard","has-post-thumbnail","hentry","category-atacama"],"_links":{"self":[{"href":"https:\/\/www.radioamigavallenar.cl\/index.php?rest_route=\/wp\/v2\/posts\/17927","targetHints":{"allow":["GET"]}}],"collection":[{"href":"https:\/\/www.radioamigavallenar.cl\/index.php?rest_route=\/wp\/v2\/posts"}],"about":[{"href":"https:\/\/www.radioamigavallenar.cl\/index.php?rest_route=\/wp\/v2\/types\/post"}],"author":[{"embeddable":true,"href":"https:\/\/www.radioamigavallenar.cl\/index.php?rest_route=\/wp\/v2\/users\/2"}],"replies":[{"embeddable":true,"href":"https:\/\/www.radioamigavallenar.cl\/index.php?rest_route=%2Fwp%2Fv2%2Fcomments&post=17927"}],"version-history":[{"count":0,"href":"https:\/\/www.radioamigavallenar.cl\/index.php?rest_route=\/wp\/v2\/posts\/17927\/revisions"}],"wp:featuredmedia":[{"embeddable":true,"href":"https:\/\/www.radioamigavallenar.cl\/index.php?rest_route=\/wp\/v2\/media\/17928"}],"wp:attachment":[{"href":"https:\/\/www.radioamigavallenar.cl\/index.php?rest_route=%2Fwp%2Fv2%2Fmedia&parent=17927"}],"wp:term":[{"taxonomy":"category","embeddable":true,"href":"https:\/\/www.radioamigavallenar.cl\/index.php?rest_route=%2Fwp%2Fv2%2Fcategories&post=17927"},{"taxonomy":"post_tag","embeddable":true,"href":"https:\/\/www.radioamigavallenar.cl\/index.php?rest_route=%2Fwp%2Fv2%2Ftags&post=17927"}],"curies":[{"name":"wp","href":"https:\/\/api.w.org\/{rel}","templated":true}]}}