{"id":17916,"date":"2019-11-05T11:03:28","date_gmt":"2019-11-05T14:03:28","guid":{"rendered":"https:\/\/www.radioamigavallenar.cl\/?p=17916"},"modified":"2019-11-05T11:03:30","modified_gmt":"2019-11-05T14:03:30","slug":"presidenta-de-la-cut-barbara-figueroa-es-prioritario-conocer-el-plan-del-gobierno-para-las-pymes-que-han-sufrido-danos","status":"publish","type":"post","link":"https:\/\/www.radioamigavallenar.cl\/?p=17916","title":{"rendered":"Presidenta de la CUT, B\u00e1rbara Figueroa: Es prioritario conocer el plan del gobierno para las pymes que han sufrido da\u00f1os"},"content":{"rendered":"\n<figure class=\"wp-block-image\"><img loading=\"lazy\" decoding=\"async\" width=\"640\" height=\"427\" src=\"https:\/\/www.radioamigavallenar.cl\/wp-content\/uploads\/2019\/11\/figueroa-barbara-cut2.jpg\" alt=\"\" class=\"wp-image-17917\" srcset=\"https:\/\/www.radioamigavallenar.cl\/wp-content\/uploads\/2019\/11\/figueroa-barbara-cut2.jpg 640w, https:\/\/www.radioamigavallenar.cl\/wp-content\/uploads\/2019\/11\/figueroa-barbara-cut2-300x200.jpg 300w\" sizes=\"auto, (max-width: 640px) 100vw, 640px\" \/><\/figure>\n\n\n\n<p>La urgencia en estos momentos est\u00e1 en conocer qu\u00e9 medidas tomar\u00e1 el gobierno para apoyar a las peque\u00f1as y medianas empresas que han sido afectadas por destrozos en las \u00faltimas dos semanas, para enseguida seguir con la discusi\u00f3n sobre un alza salarial, dijo hoy la presidenta de la Central Unitaria de Trabajadores (CUT), B\u00e1rbara Figueroa.<\/p>\n\n\n\n<p>\u201cQueremos conocer qu\u00e9 es lo que va a decir el plan del Ministerio de Econom\u00eda con la Corfo respecto de lo que ocurre con las empresas que han sufrido destrozos. Ac\u00e1 habido \u00e9pocas de excepci\u00f3n, ha habido situaciones como lo que ocurri\u00f3 con el terremoto y lo que sucedi\u00f3 con el tsunami, donde el Estado fue el que provey\u00f3 de recursos, de insumos para que las empresa pudieran restituirse\u201d,<\/p>\n\n\n\n<p>\u201cEso es una materia principal hoy y luego, si hay disposici\u00f3n del Ejecutivo, sent\u00e9monos a discutir todo lo dem\u00e1s respecto de este debate sobre salarios, si va a ser gradual, si no va a ser gradual\u201d, agreg\u00f3 la dirigenta de los trabajadores.<\/p>\n\n\n\n<p>La CUT ha planteado subir el salario m\u00ednimo de los $301 mil actuales a $500 mil l\u00edquidos.\u00a0Hace dos semanas, el presidente Sebasti\u00e1n Pi\u00f1era anunci\u00f3 una agenda social\u00a0que incluye elevar a $350 mil el ingreso m\u00ednimo.<\/p>\n\n\n\n<p>El domingo, el ministro de Hacienda,\u00a0Ignacio Briones, estim\u00f3 entre US$2.000 millones y US$3.000 millones los da\u00f1os asegurables causados por incendios y saqueos\u00a0en las \u00faltimas dos semanas y anticip\u00f3 un menor crecimiento.<\/p>\n\n\n\n<p>Figueroa critic\u00f3 que se insista en la agenda pese a la continuaci\u00f3n del descontento ciudadano en las protestas.<\/p>\n\n\n\n<p>\u201cSiento rabia con el gobierno, porque no puedo creer que despu\u00e9s de 15 d\u00edas que la gente ha estado en las calles, que esto ha significado el dolor de familias que han perdido hijos, que han perdido familiares (\u2026) hoy no se le est\u00e1 respondiendo\u201d, sostuvo.<\/p>\n\n\n\n<p>\u201cVeo que ah\u00ed hay negligencia de la autoridad, porque todos hemos dicho ac\u00e1 no basta con decir yo quiero escuchar a la gente mientras el Parlamento sigue legislando una agenda social que ya fue rechaza en las calles. Esto no puede seguir as\u00ed\u201d, agreg\u00f3.<\/p>\n","protected":false},"excerpt":{"rendered":"<p>La urgencia en estos momentos est\u00e1 en conocer qu\u00e9 medidas tomar\u00e1 el gobierno para apoyar a las peque\u00f1as y medianas empresas que han sido afectadas&hellip; <\/p>\n","protected":false},"author":2,"featured_media":17917,"comment_status":"open","ping_status":"closed","sticky":false,"template":"","format":"standard","meta":{"footnotes":""},"categories":[7,37],"tags":[],"class_list":["post-17916","post","type-post","status-publish","format-standard","has-post-thumbnail","hentry","category-atacama","category-nacional"],"_links":{"self":[{"href":"https:\/\/www.radioamigavallenar.cl\/index.php?rest_route=\/wp\/v2\/posts\/17916","targetHints":{"allow":["GET"]}}],"collection":[{"href":"https:\/\/www.radioamigavallenar.cl\/index.php?rest_route=\/wp\/v2\/posts"}],"about":[{"href":"https:\/\/www.radioamigavallenar.cl\/index.php?rest_route=\/wp\/v2\/types\/post"}],"author":[{"embeddable":true,"href":"https:\/\/www.radioamigavallenar.cl\/index.php?rest_route=\/wp\/v2\/users\/2"}],"replies":[{"embeddable":true,"href":"https:\/\/www.radioamigavallenar.cl\/index.php?rest_route=%2Fwp%2Fv2%2Fcomments&post=17916"}],"version-history":[{"count":0,"href":"https:\/\/www.radioamigavallenar.cl\/index.php?rest_route=\/wp\/v2\/posts\/17916\/revisions"}],"wp:featuredmedia":[{"embeddable":true,"href":"https:\/\/www.radioamigavallenar.cl\/index.php?rest_route=\/wp\/v2\/media\/17917"}],"wp:attachment":[{"href":"https:\/\/www.radioamigavallenar.cl\/index.php?rest_route=%2Fwp%2Fv2%2Fmedia&parent=17916"}],"wp:term":[{"taxonomy":"category","embeddable":true,"href":"https:\/\/www.radioamigavallenar.cl\/index.php?rest_route=%2Fwp%2Fv2%2Fcategories&post=17916"},{"taxonomy":"post_tag","embeddable":true,"href":"https:\/\/www.radioamigavallenar.cl\/index.php?rest_route=%2Fwp%2Fv2%2Ftags&post=17916"}],"curies":[{"name":"wp","href":"https:\/\/api.w.org\/{rel}","templated":true}]}}