{"id":17913,"date":"2019-11-05T10:55:41","date_gmt":"2019-11-05T13:55:41","guid":{"rendered":"https:\/\/www.radioamigavallenar.cl\/?p=17913"},"modified":"2019-11-05T10:55:42","modified_gmt":"2019-11-05T13:55:42","slug":"intendencia-de-atacama-presenta-querella-por-infraccion-a-la-ley-de-seguridad-del-estado","status":"publish","type":"post","link":"https:\/\/www.radioamigavallenar.cl\/?p=17913","title":{"rendered":"Intendencia de Atacama presenta querella por infracci\u00f3n a la ley de seguridad del Estado"},"content":{"rendered":"\n<figure class=\"wp-block-image\"><img loading=\"lazy\" decoding=\"async\" width=\"800\" height=\"533\" src=\"https:\/\/www.radioamigavallenar.cl\/wp-content\/uploads\/2019\/11\/intendente-querella-800x533.jpg\" alt=\"\" class=\"wp-image-17914\" srcset=\"https:\/\/www.radioamigavallenar.cl\/wp-content\/uploads\/2019\/11\/intendente-querella-800x533.jpg 800w, https:\/\/www.radioamigavallenar.cl\/wp-content\/uploads\/2019\/11\/intendente-querella-800x533-300x200.jpg 300w, https:\/\/www.radioamigavallenar.cl\/wp-content\/uploads\/2019\/11\/intendente-querella-800x533-768x512.jpg 768w\" sizes=\"auto, (max-width: 800px) 100vw, 800px\" \/><\/figure>\n\n\n\n<p>Ayer lunes, la Intendencia de Atacama interpuso una querella en contra de quienes resulten responsables por infracci\u00f3n a la ley de seguridad del Estado con ocasi\u00f3n de diversos delitos, entre ellos, robo en lugar no habitado, desmanes y alteraci\u00f3n del orden p\u00fablico ocurridos en diferentes puntos de la ciudad y que afectaron a diversos locales comerciales y p\u00fablicos durante las protestas en Copiap\u00f3.<\/p>\n\n\n\n<p>La medida fue anunciada por el Intendente de la regi\u00f3n, Patricio Urquieta, ante los hechos de violencia registrados en la zona. \u201cEstamos presentando una querella contra aquellas personas que resulten responsables por los desmanes y los hechos de violencia que hemos conocido durante varios d\u00edas en la comuna de Copiap\u00f3, y lo hacemos con el convencimiento de que debe haber tolerancia cero frente a estos hechos, y que no pueden quedar en la impunidad. Nosotros, desde el Gobierno del Presidente Pi\u00f1era, hemos brindado nuestro total respaldo a Carabineros y a la Polic\u00eda de Investigaciones que est\u00e1n efectuando una labor muy sacrificada con tal de garantizar que el orden p\u00fablico, la seguridad p\u00fablica y la paz social est\u00e9n presentes en nuestra comunidad\u201d.<\/p>\n\n\n\n<p>El prop\u00f3sito de la querella es que se aumenten sustancialmente las penas con las cuales sean juzgadas aquellas personas que est\u00e1n siendo detenidas y llevadas por el Ministerio P\u00fablico ante los Tribunales de Justicia para responder por los hechos de los que han sido protagonistas.<\/p>\n\n\n\n<p>El Intendente Urquieta inform\u00f3 que por este tipo de delitos, en la comuna de Copiap\u00f3, Carabineros tiene el registro de m\u00e1s de 380 personas detenidas, a los que se suman 80 por parte de la Polic\u00eda de Investigaciones, desde la jornada del d\u00eda 19 de octubre hasta la fecha.<\/p>\n\n\n\n<p>La primera autoridad regional, adem\u00e1s destac\u00f3 que \u201ccada vez que existen delitos de esta naturaleza, nosotros tenemos la obligaci\u00f3n de actuar; y lo queremos hacer con el convencimiento de estar cumpliendo con las prioridades que ha definido el Presidente Pi\u00f1era que, en primer lugar, est\u00e1n referidas a recuperar el orden p\u00fablico y la seguridad ciudadana; en segundo lugar, lo que vamos a hacer es impulsar con mucha fuerza esta nueva Agenda Social que pretende dar el primer paso para poder avanzar hacia una sociedad m\u00e1s justa, con mayor igualdad de oportunidades y que brinde las seguridades para vivir con dignidad; y en tercer lugar, tambi\u00e9n estamos impulsando di\u00e1logos nacionales, a fin de que las personas puedan tener mejor sinton\u00eda con las instituciones p\u00fablicas y, de alguna manera, seguir contribuyendo a que la gesti\u00f3n p\u00fablica tenga el mejor resultado posible para entregar soluciones oportunas y de calidad que signifiquen un mejor est\u00e1ndar de vida para las personas\u201d finaliz\u00f3.<\/p>\n","protected":false},"excerpt":{"rendered":"<p>Ayer lunes, la Intendencia de Atacama interpuso una querella en contra de quienes resulten responsables por infracci\u00f3n a la ley de seguridad del Estado con&hellip; <\/p>\n","protected":false},"author":2,"featured_media":17914,"comment_status":"open","ping_status":"closed","sticky":false,"template":"","format":"standard","meta":{"footnotes":""},"categories":[7],"tags":[],"class_list":["post-17913","post","type-post","status-publish","format-standard","has-post-thumbnail","hentry","category-atacama"],"_links":{"self":[{"href":"https:\/\/www.radioamigavallenar.cl\/index.php?rest_route=\/wp\/v2\/posts\/17913","targetHints":{"allow":["GET"]}}],"collection":[{"href":"https:\/\/www.radioamigavallenar.cl\/index.php?rest_route=\/wp\/v2\/posts"}],"about":[{"href":"https:\/\/www.radioamigavallenar.cl\/index.php?rest_route=\/wp\/v2\/types\/post"}],"author":[{"embeddable":true,"href":"https:\/\/www.radioamigavallenar.cl\/index.php?rest_route=\/wp\/v2\/users\/2"}],"replies":[{"embeddable":true,"href":"https:\/\/www.radioamigavallenar.cl\/index.php?rest_route=%2Fwp%2Fv2%2Fcomments&post=17913"}],"version-history":[{"count":0,"href":"https:\/\/www.radioamigavallenar.cl\/index.php?rest_route=\/wp\/v2\/posts\/17913\/revisions"}],"wp:featuredmedia":[{"embeddable":true,"href":"https:\/\/www.radioamigavallenar.cl\/index.php?rest_route=\/wp\/v2\/media\/17914"}],"wp:attachment":[{"href":"https:\/\/www.radioamigavallenar.cl\/index.php?rest_route=%2Fwp%2Fv2%2Fmedia&parent=17913"}],"wp:term":[{"taxonomy":"category","embeddable":true,"href":"https:\/\/www.radioamigavallenar.cl\/index.php?rest_route=%2Fwp%2Fv2%2Fcategories&post=17913"},{"taxonomy":"post_tag","embeddable":true,"href":"https:\/\/www.radioamigavallenar.cl\/index.php?rest_route=%2Fwp%2Fv2%2Ftags&post=17913"}],"curies":[{"name":"wp","href":"https:\/\/api.w.org\/{rel}","templated":true}]}}