{"id":17910,"date":"2019-11-05T10:52:44","date_gmt":"2019-11-05T13:52:44","guid":{"rendered":"https:\/\/www.radioamigavallenar.cl\/?p=17910"},"modified":"2019-11-05T10:52:45","modified_gmt":"2019-11-05T13:52:45","slug":"ministro-prokurica-valora-adjudicacion-de-proyecto-de-desalinizacion-de-agua-anunciado-por-codelco","status":"publish","type":"post","link":"https:\/\/www.radioamigavallenar.cl\/?p=17910","title":{"rendered":"Ministro Prokurica valora adjudicaci\u00f3n de proyecto de desalinizaci\u00f3n de agua anunciado por Codelco"},"content":{"rendered":"\n<figure class=\"wp-block-image\"><img loading=\"lazy\" decoding=\"async\" width=\"800\" height=\"534\" src=\"https:\/\/www.radioamigavallenar.cl\/wp-content\/uploads\/2019\/11\/prokurica-7-800x534.jpg\" alt=\"\" class=\"wp-image-17911\" srcset=\"https:\/\/www.radioamigavallenar.cl\/wp-content\/uploads\/2019\/11\/prokurica-7-800x534.jpg 800w, https:\/\/www.radioamigavallenar.cl\/wp-content\/uploads\/2019\/11\/prokurica-7-800x534-300x200.jpg 300w, https:\/\/www.radioamigavallenar.cl\/wp-content\/uploads\/2019\/11\/prokurica-7-800x534-768x513.jpg 768w\" sizes=\"auto, (max-width: 800px) 100vw, 800px\" \/><\/figure>\n\n\n\n<p>El ministro de Miner\u00eda, Baldo Prokurica, valor\u00f3 la adjudicaci\u00f3n del proyecto de desarrollo, construcci\u00f3n y operaci\u00f3n de una planta desalinizadora de agua de mar de Codelco para sus operaciones en Calama.<\/p>\n\n\n\n<p>Al respecto el secretario de Estado manifest\u00f3 que \u201cestamos en presencia de un paso extraordinariamente importante, donde Codelco da rumbo a un sistema de desalinizaci\u00f3n de agua de mar que demuestra su compromiso de no seguir obteniendo aguas continentales en varias de sus divisiones de la Regi\u00f3n de Antofagasta, como es el caso de Chuquicamata, Radomiro Tomic y Ministro Hales\u201d.<\/p>\n\n\n\n<p>El titular de Miner\u00eda destac\u00f3 que la planta desalinizadora de la cupr\u00edfera estatal como otros proyectos similares planificados para la regi\u00f3n de Antofagasta, permiten vislumbrar que pr\u00f3ximamente, de toda el agua que requerir\u00e1 la miner\u00eda en esta zona, un 64% provendr\u00e1 del oc\u00e9ano.<\/p>\n\n\n\n<p>Por otra parte, el ministro Prokurica, reconoci\u00f3 que esta planta desalinizadora de Codelco \u201cdemuestra el compromiso de la miner\u00eda con una mejor utilizaci\u00f3n del agua en la zona norte del pa\u00eds donde existen restricciones de este tipo. Existe una responsabilidad del sector con la crisis h\u00eddrica, mediante un esfuerzo no menor que significa inversiones muy importantes\u201d.<\/p>\n\n\n\n<p>Cabe consignar que esta iniciativa considera un presupuesto de US$ 1.000 millones con la participaci\u00f3n de cerca de 2.700 trabajadores en la etapa peak de construcci\u00f3n, la cual se iniciar\u00eda el primer semestre de 2020 y su operaci\u00f3n en 2022.<\/p>\n\n\n\n<h2 class=\"wp-block-heading\">Plantas desaladoras en la miner\u00eda nacional<\/h2>\n\n\n\n<p>El anuncio de desarrollo, construcci\u00f3n y operaci\u00f3n de una planta desalinizadora por parte de Codelco se suma a otras iniciativas impulsadas por compa\u00f1\u00edas mineras en el pa\u00eds.<\/p>\n\n\n\n<h3 class=\"wp-block-heading\">Minera Escondida<\/h3>\n\n\n\n<p>Destaca la operaci\u00f3n de su la planta desalinizadora EWS, ubicada en Puerto Coloso, Antofagasta, cuya capacidad de tratamiento es de 2.500 litros por segundo, situ\u00e1ndola como la m\u00e1s grande de Latinoam\u00e9rica.<\/p>\n\n\n\n<h3 class=\"wp-block-heading\">CAP<\/h3>\n\n\n\n<p>Su planta desalinizadora ubicada en la comuna de Caldera, regi\u00f3n de Atacama, tiene como actividad principal producir agua desalinizada y cuenta con una capacidad para generar hasta 600 litros\/segundo.<\/p>\n\n\n\n<h3 class=\"wp-block-heading\">Lundin Mining \/ Candelaria<\/h3>\n\n\n\n<p>El complejo industrial de esta compa\u00f1\u00eda canadiense se encuentra ubicado al interior de las instalaciones del Puerto Punta Padrones en Caldera. Su capacidad de producci\u00f3n alcanza hasta 500 litros por segundo de agua desalinizada de calidad industrial y abastece las operaciones mineras en Tierra Amarilla.<\/p>\n\n\n\n<h3 class=\"wp-block-heading\">Enapac<\/h3>\n\n\n\n<p>Este proyecto contempla la construcci\u00f3n de una planta desalinizadora con una capacidad promedio de producci\u00f3n de m\u00e1s de 1.000 litros por segundo.<\/p>\n\n\n\n<p>La obra ser\u00e1 realizada por la empresa Energ\u00eda y Aguas del Pac\u00edfico (Enapac) y consiste en la generaci\u00f3n de agua para uso industrial. Esta se ubicar\u00e1 a 30 kil\u00f3metros al sur de Caldera y a 32 kil\u00f3metros de Copiap\u00f3.<\/p>\n\n\n\n<p>Durante su fase de construcci\u00f3n se generar\u00edan unos 1.600 empleos y su operaci\u00f3n comenzar\u00eda en 2022.<\/p>\n\n\n\n<p>La inversi\u00f3n estimada es de US$ 1.200 millones.<\/p>\n\n\n\n<h3 class=\"wp-block-heading\">Minera Los Pelambres de Antofagasta Minerals<\/h3>\n\n\n\n<p>En el marco del proyecto Inco de Minera Los Pelambres se encuentra contemplada la construcci\u00f3n de una planta desalinizadora de agua de mar con capacidad de 400 litros por segundo de agua en calidad industrial. Se situar\u00e1 en la zona de Punta Chungo, Los Vilos, y servir\u00e1 para periodos de escasez h\u00eddrica.<\/p>\n\n\n\n<h3 class=\"wp-block-heading\">Compa\u00f1\u00eda Teck<\/h3>\n\n\n\n<p>El proyecto Quebrada Blanca fase 2 de la canadiense Teck considera la construcci\u00f3n de una planta desalinizadora a gran escala que pretende purificar unos 1.000 litros por segundo para los procesos mineros de este nuevo proyecto.<\/p>\n\n\n\n<h3 class=\"wp-block-heading\">Collahuasi<\/h3>\n\n\n\n<p>La compa\u00f1\u00eda ingres\u00f3 a tramitaci\u00f3n ambiental un proyecto por US$ 3.200 millones para extender su operaci\u00f3n por 20 a\u00f1os. En este \u00e1mbito, la compa\u00f1\u00eda contempla la construcci\u00f3n de una planta desaladora de agua de mar para bombear el recurso desde el puerto hasta la faena, a m\u00e1s de 4.500 metros de altura.<\/p>\n\n\n\n<p>Seg\u00fan la planificaci\u00f3n de la compa\u00f1\u00eda, el sistema ser\u00e1 habilitado en dos fases para suplir caudales m\u00e1ximos de 525 litros por segundo y 1.050 litros por segundo, en el cuarto y octavo a\u00f1o del proyecto, respectivamente.<\/p>\n\n\n\n<p>Seg\u00fan detall\u00f3 la compa\u00f1\u00eda, el sistema ser\u00e1 habilitado en dos fases para suplir caudales m\u00e1ximos de 525 litros por segundo y 1.050 litros por segundo, en el cuarto y octavo a\u00f1o del proyecto, respectivamente.<\/p>\n\n\n\n<h3 class=\"wp-block-heading\">Detalle del proyecto<\/h3>\n\n\n\n<p>Codelco inform\u00f3 que tras un proceso de licitaci\u00f3n la compa\u00f1\u00eda estatal adjudic\u00f3 \u201cel proyecto de desarrollo, construcci\u00f3n y operaci\u00f3n de una planta desalinizadora y su infraestructura complementaria para suministrar agua a las divisiones Chuquicamata, Radomiro Tomic y Ministro Hales, lo que permitir\u00e1 a la empresa incrementar, de manera paulatina, el uso de agua de mar respecto del uso de agua cordillerana en todas sus operaciones ubicadas en Calama\u201d.<\/p>\n\n\n\n<p>Mediante un comunicado, especific\u00f3 que la iniciativa contempla \u201cuna planta de desalinizaci\u00f3n de agua de mar con una capacidad de dise\u00f1o inicial de 840 l\/s, con potencial de expansi\u00f3n a 1.956 l\/s, que incluye las obras mar\u00edtimas, un sistema de impulsi\u00f3n de agua que recorrer\u00e1 m\u00e1s de 160 kil\u00f3metros, con tuber\u00edas y la infraestructura el\u00e9ctrica necesaria para bombear el agua a m\u00e1s de 3.000 metros de altura. El trazado de las tuber\u00edas se iniciar\u00e1 al sur de la ciudad de Tocopilla y llegar\u00e1 al reservorio de agua industrial para el suministro de agua desalinizada en la Divisi\u00f3n Radomiro Tomic\u201d.<\/p>\n\n\n\n<p>Del mismo modo, detall\u00f3 que \u201cla licitaci\u00f3n se la adjudic\u00f3 el consorcio liderado por Marubeni Corporation (50%) y conformado, adem\u00e1s, por Transelec (30%) y Techint Chile (20%). La ingenier\u00eda, adquisiciones y construcci\u00f3n (EPC, por sus siglas en ingl\u00e9s) estar\u00e1 a cargo de Techint Chile, mientras las operaciones y mantenci\u00f3n (OyM) estar\u00e1n a cargo del consorcio Aguas Nuevas-IDE-Transelec\u201d.<\/p>\n","protected":false},"excerpt":{"rendered":"<p>El ministro de Miner\u00eda, Baldo Prokurica, valor\u00f3 la adjudicaci\u00f3n del proyecto de desarrollo, construcci\u00f3n y operaci\u00f3n de una planta desalinizadora de agua de mar de&hellip; <\/p>\n","protected":false},"author":2,"featured_media":17911,"comment_status":"open","ping_status":"closed","sticky":false,"template":"","format":"standard","meta":{"footnotes":""},"categories":[7,34],"tags":[],"class_list":["post-17910","post","type-post","status-publish","format-standard","has-post-thumbnail","hentry","category-atacama","category-mineria"],"_links":{"self":[{"href":"https:\/\/www.radioamigavallenar.cl\/index.php?rest_route=\/wp\/v2\/posts\/17910","targetHints":{"allow":["GET"]}}],"collection":[{"href":"https:\/\/www.radioamigavallenar.cl\/index.php?rest_route=\/wp\/v2\/posts"}],"about":[{"href":"https:\/\/www.radioamigavallenar.cl\/index.php?rest_route=\/wp\/v2\/types\/post"}],"author":[{"embeddable":true,"href":"https:\/\/www.radioamigavallenar.cl\/index.php?rest_route=\/wp\/v2\/users\/2"}],"replies":[{"embeddable":true,"href":"https:\/\/www.radioamigavallenar.cl\/index.php?rest_route=%2Fwp%2Fv2%2Fcomments&post=17910"}],"version-history":[{"count":0,"href":"https:\/\/www.radioamigavallenar.cl\/index.php?rest_route=\/wp\/v2\/posts\/17910\/revisions"}],"wp:featuredmedia":[{"embeddable":true,"href":"https:\/\/www.radioamigavallenar.cl\/index.php?rest_route=\/wp\/v2\/media\/17911"}],"wp:attachment":[{"href":"https:\/\/www.radioamigavallenar.cl\/index.php?rest_route=%2Fwp%2Fv2%2Fmedia&parent=17910"}],"wp:term":[{"taxonomy":"category","embeddable":true,"href":"https:\/\/www.radioamigavallenar.cl\/index.php?rest_route=%2Fwp%2Fv2%2Fcategories&post=17910"},{"taxonomy":"post_tag","embeddable":true,"href":"https:\/\/www.radioamigavallenar.cl\/index.php?rest_route=%2Fwp%2Fv2%2Ftags&post=17910"}],"curies":[{"name":"wp","href":"https:\/\/api.w.org\/{rel}","templated":true}]}}