{"id":17816,"date":"2019-10-31T00:00:22","date_gmt":"2019-10-31T03:00:22","guid":{"rendered":"https:\/\/www.radioamigavallenar.cl\/?p=17816"},"modified":"2019-10-30T20:44:17","modified_gmt":"2019-10-30T23:44:17","slug":"diputados-aprobaron-proyecto-que-congela-tarifas-electricas-hasta-el-2020","status":"publish","type":"post","link":"https:\/\/www.radioamigavallenar.cl\/?p=17816","title":{"rendered":"Diputados aprobaron proyecto que congela tarifas el\u00e9ctricas hasta el 2020"},"content":{"rendered":"\n<figure class=\"wp-block-image\"><img loading=\"lazy\" decoding=\"async\" width=\"1024\" height=\"576\" src=\"https:\/\/www.radioamigavallenar.cl\/wp-content\/uploads\/2019\/10\/ENERGIA-ELECTRICS-1024x576.jpg\" alt=\"\" class=\"wp-image-17817\" srcset=\"https:\/\/www.radioamigavallenar.cl\/wp-content\/uploads\/2019\/10\/ENERGIA-ELECTRICS-1024x576.jpg 1024w, https:\/\/www.radioamigavallenar.cl\/wp-content\/uploads\/2019\/10\/ENERGIA-ELECTRICS-300x169.jpg 300w, https:\/\/www.radioamigavallenar.cl\/wp-content\/uploads\/2019\/10\/ENERGIA-ELECTRICS-768x432.jpg 768w, https:\/\/www.radioamigavallenar.cl\/wp-content\/uploads\/2019\/10\/ENERGIA-ELECTRICS.jpg 1130w\" sizes=\"auto, (max-width: 1024px) 100vw, 1024px\" \/><\/figure>\n\n\n\n<p>El proyecto retrotrae el alza de 9,2 por ciento y mantiene el decreto del 2018.<\/p>\n\n\n\n<p><strong>La C\u00e1mara de Diputados aprob\u00f3 ayer mi\u00e9rcoles el proyecto de ley que crea un mecanismo de estabilizaci\u00f3n de precios de la energ\u00eda el\u00e9ctrica y que congela el alza tarifaria hasta diciembre del 2020.\u00a0<\/strong><\/p>\n\n\n\n<p>Una iniciativa impulsada por el Ejecutivo en medio de la crisis social que vive el pa\u00eds y que el&nbsp;Presidente Sebasti\u00e1n Pi\u00f1era asegur\u00f3 permitir\u00e1 evitar el alza que \u00abhabr\u00eda&nbsp;afectado a casi 7 millones de hogares chilenos\u00bb.<\/p>\n\n\n\n<p>As\u00ed, el proyecto reduce el aumento de 9,2 por ciento que entr\u00f3 en vigencia y mantiene el decreto tarifario anterior, que corresponde al 2018, lo que se conocer\u00e1 como Precio Estabilizado a Cliente Regulado (PEC).<\/p>\n\n\n\n<p>De acuerdo&nbsp;a la C\u00e1mara, \u00aben el per\u00edodo comprendido entre el 1 de enero de 2021 y hasta el t\u00e9rmino del mecanismo de estabilizaci\u00f3n, los precios que las concesionarias de servicio p\u00fablico de distribuci\u00f3n podr\u00e1n traspasar a sus clientes regulados ser\u00e1n aquellos definidos en las fijaciones semestrales\u00bb.<\/p>\n\n\n\n<p><strong>\u00abEn cualquier caso, no podr\u00e1n ser superiores al PEC ajustado de acuerdo al \u00cdndice de Precios al Consumidor a partir del 1 de enero de 2021 con base en la misma fecha\u00bb<\/strong>, remarc\u00f3 la corporaci\u00f3n.<\/p>\n\n\n\n<p>Este martes, en la antesala al tr\u00e1mite en la C\u00e1mara, el Senado tambi\u00e9n vot\u00f3 este proyecto, que fue aprobado con 39 votos a favor y 3 en contra.<\/p>\n\n\n\n<p>Durante la discusi\u00f3n, un grupo de parlamentarios de oposici\u00f3n se mostr\u00f3 cr\u00edticos del proyecto, porque consideran que este ser\u00e1 un cr\u00e9dito que deber\u00e1 devolv\u00e9rseles a las el\u00e9ctricas a partir del 2021.<\/p>\n\n\n\n<p>El senador\u00a0Felipe Harboe (PPD)\u00a0sostuvo que \u00abnos preocupa esta alza porque trabajamos en la fijaci\u00f3n tarifaria para evitar estas situaciones, pero despu\u00e9s ingresaron decretos que complicaron el panorama. Ac\u00e1 se congela o difiere el pago de la tarifa.\u00a0<strong>Vamos a tener que aprobar una suspensi\u00f3n a la tarifa pero a partir del 2021, se van a ver incrementadas las cuentas. Hay que ser transparentes en eso\u00bb.<\/strong><\/p>\n\n\n\n<p>\u00abEsto es una mentira.\u00a0<strong>Se le est\u00e1 dando a las empresas un cr\u00e9dito, porque ellas pagar\u00e1n en c\u00f3modas cuotas desde el 2021.<\/strong>\u00a0Esta era el momento para decirles a las compa\u00f1\u00edas que deb\u00edan llegar a un acuerdo. \u00bfPor qu\u00e9 la gente debe pagar el alza del d\u00f3lar? En dos a\u00f1os m\u00e1s deb\u00eda bajar la luz pero eso no se podr\u00e1 porque hoy se estabiliza. Es lo peor que podemos hacer\u00bb, afirm\u00f3 por su parte\u00a0Alejandro Navarro (PAIS-PRO)<strong>\u00a0<\/strong><\/p>\n\n\n\n<p>En tanto, el senador\u00a0Pedro Araya\u00a0(IND) dijo tener dudas respecto al proyecto pues \u00abse parte con un supuesto que el monto de deuda de las empresas ser\u00e1 compensado con las bajas que no se realizar\u00e1n a partir del 2021, pero los montos ser\u00e1 en d\u00f3lares.\u00a0<strong>No podemos predecir el precio del d\u00f3lar el 2021. Las personas no pagan en d\u00f3lares, puede haber una diferencia en la tarifa.<\/strong>\u00a0El mecanismo no asegura la baja de la tarifa final porque solo se hace referencia a la generaci\u00f3n el\u00e9ctrica. Se cree que los costos de transmisi\u00f3n aumentar\u00e1n en los pr\u00f3ximos a\u00f1os, entonces es preocupante\u00bb.<\/p>\n","protected":false},"excerpt":{"rendered":"<p>El proyecto retrotrae el alza de 9,2 por ciento y mantiene el decreto del 2018. La C\u00e1mara de Diputados aprob\u00f3 ayer mi\u00e9rcoles el proyecto de&hellip; <\/p>\n","protected":false},"author":2,"featured_media":17817,"comment_status":"open","ping_status":"closed","sticky":false,"template":"","format":"standard","meta":{"footnotes":""},"categories":[7,37],"tags":[],"class_list":["post-17816","post","type-post","status-publish","format-standard","has-post-thumbnail","hentry","category-atacama","category-nacional"],"_links":{"self":[{"href":"https:\/\/www.radioamigavallenar.cl\/index.php?rest_route=\/wp\/v2\/posts\/17816","targetHints":{"allow":["GET"]}}],"collection":[{"href":"https:\/\/www.radioamigavallenar.cl\/index.php?rest_route=\/wp\/v2\/posts"}],"about":[{"href":"https:\/\/www.radioamigavallenar.cl\/index.php?rest_route=\/wp\/v2\/types\/post"}],"author":[{"embeddable":true,"href":"https:\/\/www.radioamigavallenar.cl\/index.php?rest_route=\/wp\/v2\/users\/2"}],"replies":[{"embeddable":true,"href":"https:\/\/www.radioamigavallenar.cl\/index.php?rest_route=%2Fwp%2Fv2%2Fcomments&post=17816"}],"version-history":[{"count":0,"href":"https:\/\/www.radioamigavallenar.cl\/index.php?rest_route=\/wp\/v2\/posts\/17816\/revisions"}],"wp:featuredmedia":[{"embeddable":true,"href":"https:\/\/www.radioamigavallenar.cl\/index.php?rest_route=\/wp\/v2\/media\/17817"}],"wp:attachment":[{"href":"https:\/\/www.radioamigavallenar.cl\/index.php?rest_route=%2Fwp%2Fv2%2Fmedia&parent=17816"}],"wp:term":[{"taxonomy":"category","embeddable":true,"href":"https:\/\/www.radioamigavallenar.cl\/index.php?rest_route=%2Fwp%2Fv2%2Fcategories&post=17816"},{"taxonomy":"post_tag","embeddable":true,"href":"https:\/\/www.radioamigavallenar.cl\/index.php?rest_route=%2Fwp%2Fv2%2Ftags&post=17816"}],"curies":[{"name":"wp","href":"https:\/\/api.w.org\/{rel}","templated":true}]}}