{"id":17782,"date":"2019-10-30T11:30:52","date_gmt":"2019-10-30T14:30:52","guid":{"rendered":"https:\/\/www.radioamigavallenar.cl\/?p=17782"},"modified":"2019-10-30T11:30:53","modified_gmt":"2019-10-30T14:30:53","slug":"grupo-errazuriz-reducira-hasta-60-el-consumo-de-agua-en-sus-operaciones-cupriferas-de-atacama-y-coquimbo-con-una-inversion-de-us245-millones","status":"publish","type":"post","link":"https:\/\/www.radioamigavallenar.cl\/?p=17782","title":{"rendered":"Grupo Err\u00e1zuriz reducir\u00e1 hasta 60% el consumo de agua en sus operaciones cupr\u00edferas de Atacama y Coquimbo con una inversi\u00f3n de US$24,5 millones"},"content":{"rendered":"\n<figure class=\"wp-block-image is-resized\"><img loading=\"lazy\" decoding=\"async\" src=\"https:\/\/www.radioamigavallenar.cl\/wp-content\/uploads\/2019\/10\/Presa-agua-comondu.jpg\" alt=\"\" class=\"wp-image-17783\" width=\"565\" height=\"353\" srcset=\"https:\/\/www.radioamigavallenar.cl\/wp-content\/uploads\/2019\/10\/Presa-agua-comondu.jpg 400w, https:\/\/www.radioamigavallenar.cl\/wp-content\/uploads\/2019\/10\/Presa-agua-comondu-300x188.jpg 300w\" sizes=\"auto, (max-width: 565px) 100vw, 565px\" \/><\/figure>\n\n\n\n<p>Con estas innovaciones, que estar\u00e1n plenamente operativas en febrero de 2020, la compa\u00f1\u00eda no solo contribuir\u00e1 a reducir el consumo de agua, sino que entregar\u00e1 una mayor estabilidad y limitar\u00e1 el peligro de derrames.<\/p>\n\n\n\n<p>Las operaciones cupr\u00edferas del grupo Err\u00e1zuriz reducir\u00e1n hasta 60% el consumo de agua hacia febrero de 2020, cuando comiencen a operar plenamente las innovaciones tecnol\u00f3gicas que desarrolla en sus faenas de Atacama y Coquimbo.<\/p>\n\n\n\n<p>El plan de inversiones ambientales del Grupo Err\u00e1zuriz totaliza un desembolso de US$ 24,5 millones. En el caso de Atacama Kozan, se trata de una nueva tecnolog\u00eda de filtrado de relaves, que tiene un costo de US$ 18 millones y que le permitir\u00e1 a esta faena reducir su consumo de agua desde los actuales 66 litros por segundo a 25 litros por segundo.<br>Estos trabajos ingresaron a tierra derecha y, una vez que est\u00e9n en operaciones (febrero de 2020), permitir\u00e1n al grupo ponerse a la vanguardia en el uso de tecnolog\u00edas de filtrado.<\/p>\n\n\n\n<p>Estos avances se suman a las innovaciones que el Grupo Err\u00e1zuriz a implement\u00f3 en su yacimiento de Tambillos, en Coquimbo (Compa\u00f1\u00eda Minera Florida). En este caso, tambi\u00e9n se trata de una nueva planta de filtrado de relaves, que entr\u00f3 en operaciones en febrero y que supuso una inversi\u00f3n de US$ 6,5 millones.<\/p>\n\n\n\n<p>Los nuevos tranques de relaves filtrados generar\u00e1n un menor consumo de agua y una menor infiltraci\u00f3n hacia las napas subterr\u00e1neas en las operaciones de Atacama y Coquimbo. Estas plantas reemplazar\u00e1n los dep\u00f3sitos originales de material de descarte.<\/p>\n\n\n\n<p>Desde el Grupo Err\u00e1zuriz destacaron que estas inversiones representan un salto tecnol\u00f3gico mayor respecto a los tranques de relaves existentes, puesto que, al depositar relaves filtrados con un m\u00ednimo porcentaje de humedad la compa\u00f1\u00eda no solo contribuye a reducir el consumo de agua, sino que entrega una mayor estabilidad y limita el peligro de derrames. \u201cSe trata de una tecnolog\u00eda que reci\u00e9n se est\u00e1 imponiendo en Chile, pero que representa la tendencia mundial en materia de relaves\u201d, aseguraron desde la compa\u00f1\u00eda.<\/p>\n","protected":false},"excerpt":{"rendered":"<p>Con estas innovaciones, que estar\u00e1n plenamente operativas en febrero de 2020, la compa\u00f1\u00eda no solo contribuir\u00e1 a reducir el consumo de agua, sino que entregar\u00e1&hellip; <\/p>\n","protected":false},"author":2,"featured_media":17783,"comment_status":"open","ping_status":"closed","sticky":false,"template":"","format":"standard","meta":{"footnotes":""},"categories":[7,34,37],"tags":[],"class_list":["post-17782","post","type-post","status-publish","format-standard","has-post-thumbnail","hentry","category-atacama","category-mineria","category-nacional"],"_links":{"self":[{"href":"https:\/\/www.radioamigavallenar.cl\/index.php?rest_route=\/wp\/v2\/posts\/17782","targetHints":{"allow":["GET"]}}],"collection":[{"href":"https:\/\/www.radioamigavallenar.cl\/index.php?rest_route=\/wp\/v2\/posts"}],"about":[{"href":"https:\/\/www.radioamigavallenar.cl\/index.php?rest_route=\/wp\/v2\/types\/post"}],"author":[{"embeddable":true,"href":"https:\/\/www.radioamigavallenar.cl\/index.php?rest_route=\/wp\/v2\/users\/2"}],"replies":[{"embeddable":true,"href":"https:\/\/www.radioamigavallenar.cl\/index.php?rest_route=%2Fwp%2Fv2%2Fcomments&post=17782"}],"version-history":[{"count":0,"href":"https:\/\/www.radioamigavallenar.cl\/index.php?rest_route=\/wp\/v2\/posts\/17782\/revisions"}],"wp:featuredmedia":[{"embeddable":true,"href":"https:\/\/www.radioamigavallenar.cl\/index.php?rest_route=\/wp\/v2\/media\/17783"}],"wp:attachment":[{"href":"https:\/\/www.radioamigavallenar.cl\/index.php?rest_route=%2Fwp%2Fv2%2Fmedia&parent=17782"}],"wp:term":[{"taxonomy":"category","embeddable":true,"href":"https:\/\/www.radioamigavallenar.cl\/index.php?rest_route=%2Fwp%2Fv2%2Fcategories&post=17782"},{"taxonomy":"post_tag","embeddable":true,"href":"https:\/\/www.radioamigavallenar.cl\/index.php?rest_route=%2Fwp%2Fv2%2Ftags&post=17782"}],"curies":[{"name":"wp","href":"https:\/\/api.w.org\/{rel}","templated":true}]}}