{"id":17745,"date":"2019-10-29T11:08:52","date_gmt":"2019-10-29T14:08:52","guid":{"rendered":"https:\/\/www.radioamigavallenar.cl\/?p=17745"},"modified":"2019-10-29T11:08:53","modified_gmt":"2019-10-29T14:08:53","slug":"entregan-balance-tras-levantar-el-estado-de-emergencia-constitucional-en-atacama","status":"publish","type":"post","link":"https:\/\/www.radioamigavallenar.cl\/?p=17745","title":{"rendered":"Entregan balance tras levantar el Estado de Emergencia Constitucional en Atacama"},"content":{"rendered":"\n<figure class=\"wp-block-image\"><img loading=\"lazy\" decoding=\"async\" width=\"800\" height=\"533\" src=\"https:\/\/www.radioamigavallenar.cl\/wp-content\/uploads\/2019\/10\/intendente-6-800x533.jpg\" alt=\"\" class=\"wp-image-17746\" srcset=\"https:\/\/www.radioamigavallenar.cl\/wp-content\/uploads\/2019\/10\/intendente-6-800x533.jpg 800w, https:\/\/www.radioamigavallenar.cl\/wp-content\/uploads\/2019\/10\/intendente-6-800x533-300x200.jpg 300w, https:\/\/www.radioamigavallenar.cl\/wp-content\/uploads\/2019\/10\/intendente-6-800x533-768x512.jpg 768w\" sizes=\"auto, (max-width: 800px) 100vw, 800px\" \/><\/figure>\n\n\n\n<p>Ayer lunes, el Jefe de la I Divisi\u00f3n de Ej\u00e9rcito, General de Brigada Rodrigo Valdivia, entreg\u00f3 un balance de los acontecimientos ocurridos durante la semana del 21 al 28 de octubre, d\u00edas en los que las comunas de Copiap\u00f3, Vallenar y Caldera estuvieron con el decreto de Estado de Emergencia Constitucional.<\/p>\n\n\n\n<p>El General Valdivia destac\u00f3 que \u201cquiero agradecer a la ciudadan\u00eda de las tres comunas que se han puesto en coordinaci\u00f3n con las Fuerzas Armadas y de Orden y Seguridad, en funci\u00f3n de restaurar la normalidad del quehacer de la vida de nuestros ciudadanos\u201d<\/p>\n\n\n\n<p>Asimismo agreg\u00f3 que \u201cnuestro personal est\u00e1 absolutamente convencido de que ha cumplido con una importante labor que ha permitido restaurar la tranquilidad de nuestros ciudadanos aqu\u00ed en las 3 comunas\u201d.<\/p>\n\n\n\n<p>Cabe informar que durante esta semana se registraron 35 manifestaciones, 41 eventos de desorden p\u00fablico, hubo 17 cortes de ruta, y 28 saqueos a infraestructura, fundamentalmente a locales comerciales.<\/p>\n\n\n\n<p>El Intendente de Atacama, Patricio Urquieta, expres\u00f3 que \u201cagradezco el enorme esfuerzo que hicieron nuestras Fuerzas Armadas, Carabineros, Bomberos; tanto la Armada como de Ej\u00e9rcito y tambi\u00e9n la Polic\u00eda de Investigaciones, porque todos ellos dedicaron su trabajo y cumplieron con su compromiso de defender a la gente, y fundamentalmente a todas las familias que no participaban de los hechos de violencia, de esa inseguridad que, lamentablemente, algunos grupos estaban tratando de promover\u201d.<\/p>\n\n\n\n<p>La primera autoridad regional adem\u00e1s se refiri\u00f3 a la Agenda Social presentada por el Presidente Pi\u00f1era \u201choy tenemos la gran misi\u00f3n de implementar esta nueva agenda que recoge grandes anhelos de la gente y que, sin duda, constituye el comienzo de un gran trabajo que ya est\u00e1 en marcha, y que va a requerir el mayor compromiso de todos los servidores p\u00fablicos con mucha unidad. Esta es una misi\u00f3n muy importante que nos han encomendado los ciudadanos de Chile y, desde luego, que vamos a cumplirla y vamos a intentar hacer todos nuestros esfuerzos para poder responder a estas demandas que forman parte de los anhelos desde hace d\u00e9cadas y que nos impone la necesidad de unir las fuerzas con todos los sectores pol\u00edticos para que esos desaf\u00edos se conviertan en logros, ojal\u00e1 lo antes posible\u201d.<\/p>\n","protected":false},"excerpt":{"rendered":"<p>Ayer lunes, el Jefe de la I Divisi\u00f3n de Ej\u00e9rcito, General de Brigada Rodrigo Valdivia, entreg\u00f3 un balance de los acontecimientos ocurridos durante la semana&hellip; <\/p>\n","protected":false},"author":2,"featured_media":17746,"comment_status":"open","ping_status":"closed","sticky":false,"template":"","format":"standard","meta":{"footnotes":""},"categories":[7],"tags":[],"class_list":["post-17745","post","type-post","status-publish","format-standard","has-post-thumbnail","hentry","category-atacama"],"_links":{"self":[{"href":"https:\/\/www.radioamigavallenar.cl\/index.php?rest_route=\/wp\/v2\/posts\/17745","targetHints":{"allow":["GET"]}}],"collection":[{"href":"https:\/\/www.radioamigavallenar.cl\/index.php?rest_route=\/wp\/v2\/posts"}],"about":[{"href":"https:\/\/www.radioamigavallenar.cl\/index.php?rest_route=\/wp\/v2\/types\/post"}],"author":[{"embeddable":true,"href":"https:\/\/www.radioamigavallenar.cl\/index.php?rest_route=\/wp\/v2\/users\/2"}],"replies":[{"embeddable":true,"href":"https:\/\/www.radioamigavallenar.cl\/index.php?rest_route=%2Fwp%2Fv2%2Fcomments&post=17745"}],"version-history":[{"count":0,"href":"https:\/\/www.radioamigavallenar.cl\/index.php?rest_route=\/wp\/v2\/posts\/17745\/revisions"}],"wp:featuredmedia":[{"embeddable":true,"href":"https:\/\/www.radioamigavallenar.cl\/index.php?rest_route=\/wp\/v2\/media\/17746"}],"wp:attachment":[{"href":"https:\/\/www.radioamigavallenar.cl\/index.php?rest_route=%2Fwp%2Fv2%2Fmedia&parent=17745"}],"wp:term":[{"taxonomy":"category","embeddable":true,"href":"https:\/\/www.radioamigavallenar.cl\/index.php?rest_route=%2Fwp%2Fv2%2Fcategories&post=17745"},{"taxonomy":"post_tag","embeddable":true,"href":"https:\/\/www.radioamigavallenar.cl\/index.php?rest_route=%2Fwp%2Fv2%2Ftags&post=17745"}],"curies":[{"name":"wp","href":"https:\/\/api.w.org\/{rel}","templated":true}]}}