{"id":17742,"date":"2019-10-29T11:03:56","date_gmt":"2019-10-29T14:03:56","guid":{"rendered":"https:\/\/www.radioamigavallenar.cl\/?p=17742"},"modified":"2019-10-29T11:03:57","modified_gmt":"2019-10-29T14:03:57","slug":"gobernadora-del-huasco-nelly-galeb-bou-con-humildad-entendemos-el-llamado-de-nuestra-gente","status":"publish","type":"post","link":"https:\/\/www.radioamigavallenar.cl\/?p=17742","title":{"rendered":"Gobernadora del Huasco Nelly Galeb Bou  \u201cCon humildad entendemos el llamado de nuestra gente\u201d"},"content":{"rendered":"\n<div class=\"wp-block-image\"><figure class=\"aligncenter is-resized\"><img loading=\"lazy\" decoding=\"async\" src=\"https:\/\/www.radioamigavallenar.cl\/wp-content\/uploads\/2019\/10\/62128543_3054360621244263_1953266914230229247_n.jpg\" alt=\"\" class=\"wp-image-17743\" width=\"530\" height=\"530\" srcset=\"https:\/\/www.radioamigavallenar.cl\/wp-content\/uploads\/2019\/10\/62128543_3054360621244263_1953266914230229247_n.jpg 640w, https:\/\/www.radioamigavallenar.cl\/wp-content\/uploads\/2019\/10\/62128543_3054360621244263_1953266914230229247_n-150x150.jpg 150w, https:\/\/www.radioamigavallenar.cl\/wp-content\/uploads\/2019\/10\/62128543_3054360621244263_1953266914230229247_n-300x300.jpg 300w\" sizes=\"auto, (max-width: 530px) 100vw, 530px\" \/><\/figure><\/div>\n\n\n\n<p>\u201cCon la reestructuraci\u00f3n de su Gabinete el Presidente de la Rep\u00fablica, Sebastian Pi\u00f1era ha hecho una invitaci\u00f3n a todos los chilenos a sacar lo mejor de cada uno a trabajar unidos por el Chile que todos queremos\u201d, se\u00f1al\u00f3 la Gobernadora de la Provincia del Huasco, Nelly Galeb Bou, destacando las palabras del mandatario en la reestructuraci\u00f3n de su gabinete. \u201cEl pa\u00eds requiere que el mundo pol\u00edtico haga un esfuerzo por cambiar la forma en c\u00f3mo se han hecho las cosas hasta el minuto. El Gobierno est\u00e1 haciendo un esfuerzo en esa l\u00ednea y esperamos que las otras fuerzas pol\u00edticas tambi\u00e9n lo hagan. El momento que vive Chile necesita del esfuerzo y compromiso de todos\u201d, destac\u00f3 refiri\u00e9ndose a las palabras del Presidente de la Rep\u00fablica, luego del cambio de Gabinete esta semana.<\/p>\n\n\n\n<p>La Gobernadora se refiri\u00f3 al momento que hoy vive el pa\u00eds y el nuevo horizonte que se abre con nuevas perspectivas&nbsp; para el bienestar de todos los chilenos, se\u00f1alando que \u201cEl Gobierno ha escuchado la voz de la gente, sus problemas, sus dolores, sus carencias, sus sue\u00f1os y esperanzas. Por ello destac\u00f3 \u2013 el Gobierno est\u00e1, impulsando una serie de medidas&nbsp; e iniciativas concretas para hacer de Chile y de Atacama, un territorio m\u00e1s justo, equitativo, igualitario, desarrollado y sustentable\u201d.<\/p>\n\n\n\n<p>\u201cCon humildad entendemos el llamado de nuestra gente, las demandas son leg\u00edtimas y agradezco la disposici\u00f3n que ha tenido nuestra comunidad al movilizarse de la manera como lo han hecho, &nbsp;de manera ejemplar, sin embargo es necesario ponerse a trabajar y hacerlo en paz, en unidad&nbsp; dejando de lado los actos de violencia que atentan en contra del bienestar y la tranquilidad de todos nuestros habitantes que anhelan poder retomar el cauce normal de todas nuestras acciones, sus demandas son leg\u00edtimas, lleg\u00f3 el momento de trabajar con sentido de unidad, como un equipo porque esa es la f\u00f3rmula para sacar a Chile adelante.<\/p>\n\n\n\n<p>Cuando nos unimos nos hacemos fuertes y logramos nuestros objetivos, por eso ahora la comunidad, las organizaciones sociales, toda la comunidad debemos dar una se\u00f1al al mundo y demostrar que Chile puede avanzar\u201d, se\u00f1al\u00f3 la Gobernadora.<\/p>\n","protected":false},"excerpt":{"rendered":"<p>\u201cCon la reestructuraci\u00f3n de su Gabinete el Presidente de la Rep\u00fablica, Sebastian Pi\u00f1era ha hecho una invitaci\u00f3n a todos los chilenos a sacar lo mejor&hellip; <\/p>\n","protected":false},"author":2,"featured_media":17743,"comment_status":"open","ping_status":"closed","sticky":false,"template":"","format":"standard","meta":{"footnotes":""},"categories":[7,1],"tags":[],"class_list":["post-17742","post","type-post","status-publish","format-standard","has-post-thumbnail","hentry","category-atacama","category-provincia-del-huasco-2"],"_links":{"self":[{"href":"https:\/\/www.radioamigavallenar.cl\/index.php?rest_route=\/wp\/v2\/posts\/17742","targetHints":{"allow":["GET"]}}],"collection":[{"href":"https:\/\/www.radioamigavallenar.cl\/index.php?rest_route=\/wp\/v2\/posts"}],"about":[{"href":"https:\/\/www.radioamigavallenar.cl\/index.php?rest_route=\/wp\/v2\/types\/post"}],"author":[{"embeddable":true,"href":"https:\/\/www.radioamigavallenar.cl\/index.php?rest_route=\/wp\/v2\/users\/2"}],"replies":[{"embeddable":true,"href":"https:\/\/www.radioamigavallenar.cl\/index.php?rest_route=%2Fwp%2Fv2%2Fcomments&post=17742"}],"version-history":[{"count":0,"href":"https:\/\/www.radioamigavallenar.cl\/index.php?rest_route=\/wp\/v2\/posts\/17742\/revisions"}],"wp:featuredmedia":[{"embeddable":true,"href":"https:\/\/www.radioamigavallenar.cl\/index.php?rest_route=\/wp\/v2\/media\/17743"}],"wp:attachment":[{"href":"https:\/\/www.radioamigavallenar.cl\/index.php?rest_route=%2Fwp%2Fv2%2Fmedia&parent=17742"}],"wp:term":[{"taxonomy":"category","embeddable":true,"href":"https:\/\/www.radioamigavallenar.cl\/index.php?rest_route=%2Fwp%2Fv2%2Fcategories&post=17742"},{"taxonomy":"post_tag","embeddable":true,"href":"https:\/\/www.radioamigavallenar.cl\/index.php?rest_route=%2Fwp%2Fv2%2Ftags&post=17742"}],"curies":[{"name":"wp","href":"https:\/\/api.w.org\/{rel}","templated":true}]}}