{"id":17739,"date":"2019-10-29T11:01:02","date_gmt":"2019-10-29T14:01:02","guid":{"rendered":"https:\/\/www.radioamigavallenar.cl\/?p=17739"},"modified":"2019-10-29T11:01:03","modified_gmt":"2019-10-29T14:01:03","slug":"trabajadores-de-escondida-retoman-paralizacion-en-rechazo-a-las-constantes-abusos-de-la-empresa-y-las-protestas-en-chile","status":"publish","type":"post","link":"https:\/\/www.radioamigavallenar.cl\/?p=17739","title":{"rendered":"Trabajadores de Escondida retoman paralizaci\u00f3n en rechazo a las constantes abusos de la empresa y las protestas en Chile"},"content":{"rendered":"\n<figure class=\"wp-block-image\"><img loading=\"lazy\" decoding=\"async\" width=\"696\" height=\"397\" src=\"https:\/\/www.radioamigavallenar.cl\/wp-content\/uploads\/2019\/10\/traba.jpg\" alt=\"\" class=\"wp-image-17740\" srcset=\"https:\/\/www.radioamigavallenar.cl\/wp-content\/uploads\/2019\/10\/traba.jpg 696w, https:\/\/www.radioamigavallenar.cl\/wp-content\/uploads\/2019\/10\/traba-300x171.jpg 300w\" sizes=\"auto, (max-width: 696px) 100vw, 696px\" \/><\/figure>\n\n\n\n<p>Informamos a la opini\u00f3n p\u00fablica nacional e internacional y medios de comunicaci\u00f3n, lo siguiente:<\/p>\n\n\n\n<p>Siendo las 08:00 horas de hoy martes 29 de octubre, tras acuerdo democr\u00e1tico de nuestras bases y en virtud de la libertad sindical que nos ampara, las y los trabajadores de minera Escondida dan por iniciada la paralizaci\u00f3n de faenas en manifestaci\u00f3n de rechazo a las constantes infracciones y abusos por parte de la Empresa, quien insiste en incumplir nuestro Contrato Colectivo.<\/p>\n\n\n\n<p>Adem\u00e1s de, adherirnos a la en\u00e9rgica movilizaci\u00f3n nacional, la que ha sido violentamente reprimida por Fuerzas Especiales de Carabineros, Fuerzas Armadas y el Gobierno, \u00faltimo actor que insiste en mantener una postura sorda ante las leg\u00edtimas demandas sociales.<\/p>\n\n\n\n<p>En virtud de esta movilizaci\u00f3n sindical se ha detenido completamente el yacimiento minero.<\/p>\n\n\n\n<p>Manifestamos tambi\u00e9n en la presente que esta organizaci\u00f3n no acepta ni aceptar\u00e1 los abusos y represi\u00f3n registrados durante los \u00faltimos d\u00edas, ni por parte del Estado ni por el mundo empresarial, menos cuando la represi\u00f3n afecta a nuestra red de trabajo, socios, socias e hijos, quienes se han mantenido estoicos contra este sistema que s\u00f3lo vela por el inter\u00e9s de unos pocos.<\/p>\n\n\n\n<p>Recalcamos que las socias y socios del Sindicato N\u00b01 de Trabajadores de Minera Escondida somos parte de un Pueblo que se cans\u00f3 y exige cambios.<\/p>\n\n\n\n<p>Reiteramos tambi\u00e9n el llamado a todos los trabajadores mineros de nuestro pa\u00eds a manifestarse en protesta por la represi\u00f3n ejercida en contra del Pueblo y los abusos empresariales. Condenamos las acciones de violencia y convocamos a la disciplina y madurez social para que la protesta se realice con la fuerza leg\u00edtima y pac\u00edfica del Pueblo. Exigimos el cese de la represi\u00f3n.<\/p>\n\n\n\n<p>Finalmente, emplazamos al Gobierno y al Congreso para que inicien la legislaci\u00f3n y cambios fundamentes que realmente respondan a las hist\u00f3ricas demandas de las grandes mayor\u00edas nacionales, con la activa participaci\u00f3n del mundo sindical y social, para as\u00ed en conjunto construir un pa\u00eds justo para todas y todos.<\/p>\n","protected":false},"excerpt":{"rendered":"<p>Informamos a la opini\u00f3n p\u00fablica nacional e internacional y medios de comunicaci\u00f3n, lo siguiente: Siendo las 08:00 horas de hoy martes 29 de octubre, tras&hellip; <\/p>\n","protected":false},"author":2,"featured_media":17740,"comment_status":"open","ping_status":"closed","sticky":false,"template":"","format":"standard","meta":{"footnotes":""},"categories":[7,34,37],"tags":[],"class_list":["post-17739","post","type-post","status-publish","format-standard","has-post-thumbnail","hentry","category-atacama","category-mineria","category-nacional"],"_links":{"self":[{"href":"https:\/\/www.radioamigavallenar.cl\/index.php?rest_route=\/wp\/v2\/posts\/17739","targetHints":{"allow":["GET"]}}],"collection":[{"href":"https:\/\/www.radioamigavallenar.cl\/index.php?rest_route=\/wp\/v2\/posts"}],"about":[{"href":"https:\/\/www.radioamigavallenar.cl\/index.php?rest_route=\/wp\/v2\/types\/post"}],"author":[{"embeddable":true,"href":"https:\/\/www.radioamigavallenar.cl\/index.php?rest_route=\/wp\/v2\/users\/2"}],"replies":[{"embeddable":true,"href":"https:\/\/www.radioamigavallenar.cl\/index.php?rest_route=%2Fwp%2Fv2%2Fcomments&post=17739"}],"version-history":[{"count":0,"href":"https:\/\/www.radioamigavallenar.cl\/index.php?rest_route=\/wp\/v2\/posts\/17739\/revisions"}],"wp:featuredmedia":[{"embeddable":true,"href":"https:\/\/www.radioamigavallenar.cl\/index.php?rest_route=\/wp\/v2\/media\/17740"}],"wp:attachment":[{"href":"https:\/\/www.radioamigavallenar.cl\/index.php?rest_route=%2Fwp%2Fv2%2Fmedia&parent=17739"}],"wp:term":[{"taxonomy":"category","embeddable":true,"href":"https:\/\/www.radioamigavallenar.cl\/index.php?rest_route=%2Fwp%2Fv2%2Fcategories&post=17739"},{"taxonomy":"post_tag","embeddable":true,"href":"https:\/\/www.radioamigavallenar.cl\/index.php?rest_route=%2Fwp%2Fv2%2Ftags&post=17739"}],"curies":[{"name":"wp","href":"https:\/\/api.w.org\/{rel}","templated":true}]}}