{"id":17736,"date":"2019-10-29T10:41:52","date_gmt":"2019-10-29T13:41:52","guid":{"rendered":"https:\/\/www.radioamigavallenar.cl\/?p=17736"},"modified":"2019-10-29T10:41:53","modified_gmt":"2019-10-29T13:41:53","slug":"diputado-juan-santana-estoy-disponible-para-votar-a-favor-una-acusacion-constitucional-contra-pinera","status":"publish","type":"post","link":"https:\/\/www.radioamigavallenar.cl\/?p=17736","title":{"rendered":"Diputado Juan Santana: \u201cEstoy disponible para votar a favor una acusaci\u00f3n constitucional contra Pi\u00f1era\u201d"},"content":{"rendered":"\n<div class=\"wp-block-image\"><figure class=\"aligncenter is-resized\"><img loading=\"lazy\" decoding=\"async\" src=\"https:\/\/www.radioamigavallenar.cl\/wp-content\/uploads\/2019\/10\/Santana-en-Educacion-1024x998.jpg\" alt=\"\" class=\"wp-image-17737\" width=\"492\" height=\"479\"\/><\/figure><\/div>\n\n\n\n<p>El\nparlamentario por la regi\u00f3n de Atacama, Juan Santana se refiri\u00f3 con estas\npalabras a la posibilidad de apoyar una eventual Acusaci\u00f3n Constitucional en\ncontra del presidente de la rep\u00fablica, iniciativa que ha sido impulsada tambi\u00e9n\npor otros diputados de oposici\u00f3n, sobre el asunto Santana dijo \u201cestoy\ndisponible para concurrir con mi voto a favor de una acusaci\u00f3n constitucional\ncontra el presidente Sebasti\u00e1n Pi\u00f1era\u00bb<\/p>\n\n\n\n<p>Sobre\nlas razones que motivar\u00edan esta decisi\u00f3n Santana contin\u00fao diciendo que \u201chan ido\nincrement\u00e1ndose las denuncias y hechos que hemos conocido con el paso de los\nd\u00edas, sobre violaciones a los Derechos Humanos, que muchos chilenos y chilenas\nhan sufrido a prop\u00f3sito del abuso de las fuerzas de orden, durante el estado de\nemergencia. No puedo avalar la impunidad ante hechos que son grav\u00edsimos. <\/p>\n\n\n\n<p>\u201cNo\npodemos soslayar las m\u00faltiples denuncias de tortura, detenciones ilegales, uso\ndesmedido de la fuerza,&nbsp; apremios ileg\u00edtimos\nante manifestaciones pac\u00edficas, y otras situaciones denunciadas, y que\nclaramente no est\u00e1n dentro de las facultades que el ejecutivo tiene en estados\nde excepci\u00f3n constitucional\u201d, agreg\u00f3 <\/p>\n\n\n\n<p>Finalmente\nel parlamentario de la regi\u00f3n de Atacama, cerro se\u00f1alando que \u201cal margen de\nesta acusaci\u00f3n, hoy lo central es trabajar para sacar adelante un cambio\nconstitucional, a trav\u00e9s de una asamblea constituyente. Es el \u00fanico camino que\nno solo permite realizar reformas profundas a los grandes problemas que tiene\nnuestra sociedad, sino que es adem\u00e1s es la oportunidad&nbsp; de democratizar como corresponde a nuestro\npa\u00eds\u201d<\/p>\n","protected":false},"excerpt":{"rendered":"<p>El parlamentario por la regi\u00f3n de Atacama, Juan Santana se refiri\u00f3 con estas palabras a la posibilidad de apoyar una eventual Acusaci\u00f3n Constitucional en contra&hellip; <\/p>\n","protected":false},"author":2,"featured_media":0,"comment_status":"open","ping_status":"closed","sticky":false,"template":"","format":"standard","meta":{"footnotes":""},"categories":[7],"tags":[],"class_list":["post-17736","post","type-post","status-publish","format-standard","hentry","category-atacama"],"_links":{"self":[{"href":"https:\/\/www.radioamigavallenar.cl\/index.php?rest_route=\/wp\/v2\/posts\/17736","targetHints":{"allow":["GET"]}}],"collection":[{"href":"https:\/\/www.radioamigavallenar.cl\/index.php?rest_route=\/wp\/v2\/posts"}],"about":[{"href":"https:\/\/www.radioamigavallenar.cl\/index.php?rest_route=\/wp\/v2\/types\/post"}],"author":[{"embeddable":true,"href":"https:\/\/www.radioamigavallenar.cl\/index.php?rest_route=\/wp\/v2\/users\/2"}],"replies":[{"embeddable":true,"href":"https:\/\/www.radioamigavallenar.cl\/index.php?rest_route=%2Fwp%2Fv2%2Fcomments&post=17736"}],"version-history":[{"count":0,"href":"https:\/\/www.radioamigavallenar.cl\/index.php?rest_route=\/wp\/v2\/posts\/17736\/revisions"}],"wp:attachment":[{"href":"https:\/\/www.radioamigavallenar.cl\/index.php?rest_route=%2Fwp%2Fv2%2Fmedia&parent=17736"}],"wp:term":[{"taxonomy":"category","embeddable":true,"href":"https:\/\/www.radioamigavallenar.cl\/index.php?rest_route=%2Fwp%2Fv2%2Fcategories&post=17736"},{"taxonomy":"post_tag","embeddable":true,"href":"https:\/\/www.radioamigavallenar.cl\/index.php?rest_route=%2Fwp%2Fv2%2Ftags&post=17736"}],"curies":[{"name":"wp","href":"https:\/\/api.w.org\/{rel}","templated":true}]}}