{"id":17732,"date":"2019-10-29T00:00:38","date_gmt":"2019-10-29T03:00:38","guid":{"rendered":"https:\/\/www.radioamigavallenar.cl\/?p=17732"},"modified":"2019-10-29T00:01:32","modified_gmt":"2019-10-29T03:01:32","slug":"felipe-ward-nego-opcion-para-haber-asumido-interior-solo-recibi-un-llamado-para-hacerme-cargo-de-segpres","status":"publish","type":"post","link":"https:\/\/www.radioamigavallenar.cl\/?p=17732","title":{"rendered":"Felipe Ward neg\u00f3 opci\u00f3n para haber asumido Interior: \u00abS\u00f3lo recib\u00ed un llamado para hacerme cargo de Segpres\u00bb"},"content":{"rendered":"\n<figure class=\"wp-block-image\"><img loading=\"lazy\" decoding=\"async\" width=\"750\" height=\"400\" src=\"https:\/\/www.radioamigavallenar.cl\/wp-content\/uploads\/2019\/10\/a_uno_925494-750x400.jpg\" alt=\"\" class=\"wp-image-17733\" srcset=\"https:\/\/www.radioamigavallenar.cl\/wp-content\/uploads\/2019\/10\/a_uno_925494-750x400.jpg 750w, https:\/\/www.radioamigavallenar.cl\/wp-content\/uploads\/2019\/10\/a_uno_925494-750x400-300x160.jpg 300w\" sizes=\"auto, (max-width: 750px) 100vw, 750px\" \/><\/figure>\n\n\n\n<p>El\u00a0presidente Sebasti\u00e1n Pi\u00f1era\u00a0realiz\u00f3 ocho cambios en su equipo de trabajo, incluyendo el\u00a0Ministerio del Interior, donde\u00a0Andr\u00e9s Chadwick\u00a0dej\u00f3 su cargo para ser reemplazado por\u00a0Gonzalo Blumel. Eso s\u00ed, ese no era el plan original, ya que la decisi\u00f3n se tom\u00f3 media hora antes del cambio.<\/p>\n\n\n\n<p>Ocho modificaciones, incluyendo a tres ministros del comit\u00e9 pol\u00edtico, fueron parte de los cambios que anunci\u00f3 el presidente Pi\u00f1era, el cual era pedido de forma transversal en el mundo pol\u00edtico para enfrentar la crisis social y pol\u00edtica que vive el pa\u00eds.<\/p>\n\n\n\n<p>Una de las salidas m\u00e1s esperadas era la del titular del Interior. Sin embargo, al menos media hora antes de que se oficializaran los nombres, el designado para reemplazar al Andr\u00e9s Chadwick era<strong>\u00a0<\/strong>Felipe Ward, exdiputado UDI y quien se desempe\u00f1aba como ministro de\u00a0Bienes Nacionales.<\/p>\n\n\n\n<p>No obstante, esa decisi\u00f3n sufri\u00f3 un giro radical a solo minutos de que el subsecretario del Interior, Rodrigo Ubilla, anunciara el nuevo nombre, ya que finalmente asumi\u00f3 Gonzalo Blumel, quien era titular de la Segpres.<\/p>\n\n\n\n<p>Una entrevista de Ward en\u00a0The Clinic en 2013, en donde se\u00f1alaba que \u201clos Derechos Humanos son una especie de cajero autom\u00e1tico que usa la izquierda para sacar plata\u201d, habr\u00eda sido la raz\u00f3n para tomar la decisi\u00f3n<\/p>\n\n\n\n<p>Al respecto, el nuevo ministro de la Segpres asegur\u00f3 que&nbsp;<strong>\u201csolo recib\u00ed un llamado del presidente hoy en la ma\u00f1ana para este cargo\u201d<\/strong>.<\/p>\n\n\n\n<p>\u201cLe puedo contar mi ma\u00f1ana. Estaba en el Ministerio de Bienes Nacionales y fui convocado a La Moneda junto al resto de los ministros y solo recib\u00ed un llamado para hacerme cargo de Segpres\u201d, reiter\u00f3 ante las consultas por la fallida opci\u00f3n de transformarse en titular del Interior.<\/p>\n\n\n\n<p>En relaci\u00f3n a sus nuevas funciones, Ward sostuvo que este martes se reunir\u00e1 con los presidentes de la C\u00e1mara de Diputados, Iv\u00e1n Flores, y del Senado, Jaime Quintana, respectivamente.<\/p>\n\n\n\n<p>\u201cUstedes saben que fui 12 a\u00f1os diputado as\u00ed que conozco bien el funcionamiento del Congreso y espero que eso aporte para llevar adelante la agenda\u201d, afirm\u00f3.<\/p>\n\n\n\n<p>Aunque, de todas maneras el camino iniciar\u00e1 cuesta arriba, luego que el propio diputado Flores confirmara la suspensi\u00f3n de la sesi\u00f3n de este martes, acusando que a\u00fan no se han ingresado las indicaciones para el proyecto de ley de pensiones b\u00e1sicas solidarias, que forma parte de la \u201cAgenda social\u201d anunciada por el presidente Sebasti\u00e1n Pi\u00f1era, en un intento por salir de la crisis social que lleva m\u00e1s de una semana. <\/p>\n","protected":false},"excerpt":{"rendered":"<p>El\u00a0presidente Sebasti\u00e1n Pi\u00f1era\u00a0realiz\u00f3 ocho cambios en su equipo de trabajo, incluyendo el\u00a0Ministerio del Interior, donde\u00a0Andr\u00e9s Chadwick\u00a0dej\u00f3 su cargo para ser reemplazado por\u00a0Gonzalo Blumel. Eso s\u00ed,&hellip; <\/p>\n","protected":false},"author":2,"featured_media":17733,"comment_status":"open","ping_status":"closed","sticky":false,"template":"","format":"standard","meta":{"footnotes":""},"categories":[7,37],"tags":[],"class_list":["post-17732","post","type-post","status-publish","format-standard","has-post-thumbnail","hentry","category-atacama","category-nacional"],"_links":{"self":[{"href":"https:\/\/www.radioamigavallenar.cl\/index.php?rest_route=\/wp\/v2\/posts\/17732","targetHints":{"allow":["GET"]}}],"collection":[{"href":"https:\/\/www.radioamigavallenar.cl\/index.php?rest_route=\/wp\/v2\/posts"}],"about":[{"href":"https:\/\/www.radioamigavallenar.cl\/index.php?rest_route=\/wp\/v2\/types\/post"}],"author":[{"embeddable":true,"href":"https:\/\/www.radioamigavallenar.cl\/index.php?rest_route=\/wp\/v2\/users\/2"}],"replies":[{"embeddable":true,"href":"https:\/\/www.radioamigavallenar.cl\/index.php?rest_route=%2Fwp%2Fv2%2Fcomments&post=17732"}],"version-history":[{"count":0,"href":"https:\/\/www.radioamigavallenar.cl\/index.php?rest_route=\/wp\/v2\/posts\/17732\/revisions"}],"wp:featuredmedia":[{"embeddable":true,"href":"https:\/\/www.radioamigavallenar.cl\/index.php?rest_route=\/wp\/v2\/media\/17733"}],"wp:attachment":[{"href":"https:\/\/www.radioamigavallenar.cl\/index.php?rest_route=%2Fwp%2Fv2%2Fmedia&parent=17732"}],"wp:term":[{"taxonomy":"category","embeddable":true,"href":"https:\/\/www.radioamigavallenar.cl\/index.php?rest_route=%2Fwp%2Fv2%2Fcategories&post=17732"},{"taxonomy":"post_tag","embeddable":true,"href":"https:\/\/www.radioamigavallenar.cl\/index.php?rest_route=%2Fwp%2Fv2%2Ftags&post=17732"}],"curies":[{"name":"wp","href":"https:\/\/api.w.org\/{rel}","templated":true}]}}