{"id":17726,"date":"2019-10-29T00:00:53","date_gmt":"2019-10-29T03:00:53","guid":{"rendered":"https:\/\/www.radioamigavallenar.cl\/?p=17726"},"modified":"2019-10-28T23:51:44","modified_gmt":"2019-10-29T02:51:44","slug":"playas-para-ricos-y-clases-de-etica-para-corruptos-los-carinos-a-la-elite-que-enojan-a-los-chilenos","status":"publish","type":"post","link":"https:\/\/www.radioamigavallenar.cl\/?p=17726","title":{"rendered":"Playas para ricos y clases de \u00e9tica para corruptos: los cari\u00f1os a la \u00e9lite que enojan a los chilenos"},"content":{"rendered":"\n<figure class=\"wp-block-image\"><img loading=\"lazy\" decoding=\"async\" width=\"750\" height=\"400\" src=\"https:\/\/www.radioamigavallenar.cl\/wp-content\/uploads\/2019\/10\/playa.png\" alt=\"\" class=\"wp-image-17727\" srcset=\"https:\/\/www.radioamigavallenar.cl\/wp-content\/uploads\/2019\/10\/playa.png 750w, https:\/\/www.radioamigavallenar.cl\/wp-content\/uploads\/2019\/10\/playa-300x160.png 300w\" sizes=\"auto, (max-width: 750px) 100vw, 750px\" \/><\/figure>\n\n\n\n<p>El aumento del costo del pasaje de Metro en Santiago provoc\u00f3\u00a0evasiones masivas\u00a0que derivaron en un gran\u00a0estallido social\u00a0en Chile, que sac\u00f3 a flote todos los descontentos acumulados: el sistema de pensiones, los bajos sueldos, el endeudamiento y el alto costo de vida en general, en un pa\u00eds donde el 50% de los trabajadores gana menos de\u00a0$400.000\u00a0(US$550, aproximadamente).<\/p>\n\n\n\n<p>A lo anterior, -que constantemente genera debate en la agenda social y pol\u00edtica-, durante el \u00faltimo tiempo se sumaron hechos irregulares que evidencian un\u00a0clasismo\u00a0imperante en el pa\u00eds, en el que los sectores de m\u00e1s privilegio acceden a beneficios que a toda luz no parecen l\u00edcitos o razonables en t\u00e9rminos morales.<\/p>\n\n\n\n<p>Esa \u00e9lite, por ejemplo, es la que tras esc\u00e1ndalos de corrupci\u00f3n ha sido condenada a asistir a<strong>\u00a0<\/strong>clases de \u00e9tica; y la que en el pasado verano se tom\u00f3 las portadas por tener casas en sectores tur\u00edsticos con\u00a0acceso directo y<strong> <\/strong>privado a playas, las cuales por ley deben ser abiertas a todo p\u00fablico.<\/p>\n\n\n\n<p>Esos\u00a0\u201ccari\u00f1os\u201d a los m\u00e1s acomodados\u00a0tambi\u00e9n han sido foco de cr\u00edticas de la clase media y media emergente, en un pa\u00eds en donde la ciudadan\u00eda lucha por tenerle un poco m\u00e1s de fe a la meritocracia y a la justicia.<\/p>\n\n\n\n<h2 class=\"wp-block-heading\">\u201cMi playa\u201d<\/h2>\n\n\n\n<p>El verano pasado despert\u00f3 otra realidad asociada con la situaci\u00f3n socioecon\u00f3mica: la de personas con residencias con&nbsp;<strong>acceso privado a playas<\/strong>, lo que provoc\u00f3 el pronunciamiento del Ministerio de Bienes Nacionales que fue enf\u00e1tico en aclarar que en nuestro pa\u00eds todos esos accesos son p\u00fablicos.<\/p>\n\n\n\n<p>Ello destap\u00f3 una serie de irregularidades y regal\u00edas para quienes gozan de propiedades de descanso o veraneo; y el proceso de venta de inmobiliarias que ofrec\u00edan dicho acceso como gancho de venta.<\/p>\n\n\n\n<p>Los primeros d\u00edas de febrero se viraliz\u00f3 por redes sociales un video que grafic\u00f3 esta situaci\u00f3n.<\/p>\n\n\n\n<p>En el registro se apreciaba c\u00f3mo\u00a0Mat\u00edas P\u00e9rez Cruz\u00a0-vestido s\u00f3lo con traje de ba\u00f1o- llegaba hasta un lugar en que tres mujeres se encontraban descansando y resguard\u00e1ndose del sol, a un par de metros de la orilla del\u00a0Lago Ranco\u00a0en la regi\u00f3n de Los R\u00edos.<\/p>\n\n\n\n<p>Con tono prepotente, el presidente de\u00a0Gasco\u00a0les pidi\u00f3 que se retiraran del lugar, argumentando que se trataba de su \u201cjard\u00edn\u201d, que su terreno deslindaba con el lago y que era su propiedad.<\/p>\n\n\n\n<p>\u201cUstedes se me van\u201d, les dijo, a\u00f1adiendo que si no acataban volver\u00eda a sacarlas \u201cde manera no tan pac\u00edfica\u201d.<\/p>\n\n\n\n<p>Una de las afectadas intent\u00f3 defenderse: \u201c\u00bfEsto es un fundo acaso, donde usted llega, manda y ordena?\u201d. Seguidamente, P\u00e9rez Cruz al notar que estaba siendo grabado intent\u00f3 quitarles el tel\u00e9fono m\u00f3vil.<\/p>\n\n\n\n<p>Otra de las mujeres tambi\u00e9n intervino y le explic\u00f3 que era primera vez que visitaba el lago, que le dol\u00eda el trato.<\/p>\n\n\n\n<p><strong>\u201cYo soy abogado, no me van a discutir a m\u00ed\u201d<\/strong>, les respondi\u00f3 el ejecutivo de Gasco.<\/p>\n\n\n\n<p><strong>\u00bfQu\u00e9 dice la ley?:<\/strong>\u00a0<\/p>\n\n\n\n<p>Dice que los chilenos tienen derecho a acceder a playas de r\u00edo, mar o lago, desembocaduras de r\u00edos, cascadas o glaciares, considerados todos como bienes nacionales de uso p\u00fablico. Los propietarios de terrenos colindantes con playas de mar, r\u00edos o lagos deber\u00e1n facilitar gratuitamente el acceso a \u00e9stos, para fines tur\u00edsticos y de pesca cuando no existan otras v\u00edas o caminos p\u00fablicos. <\/p>\n\n\n\n<p>Este caso lleg\u00f3 a o\u00eddos del Gobierno, a trav\u00e9s del Ministerio de Bienes Nacionales, el cual inmediatamente comenz\u00f3 una campa\u00f1a a nivel nacional para fiscalizar las denominadas \u201cplayas privadas\u201d.<\/p>\n\n\n\n<p>Decenas de casos similares salieron a la luz p\u00fablica, instalando una sensaci\u00f3n de injusticia en la comunidad, envuelta de un sentimiento de que con dinero hasta una playa se puede tener en Chile.<\/p>\n","protected":false},"excerpt":{"rendered":"<p>El aumento del costo del pasaje de Metro en Santiago provoc\u00f3\u00a0evasiones masivas\u00a0que derivaron en un gran\u00a0estallido social\u00a0en Chile, que sac\u00f3 a flote todos los descontentos&hellip; <\/p>\n","protected":false},"author":2,"featured_media":17727,"comment_status":"open","ping_status":"closed","sticky":false,"template":"","format":"standard","meta":{"footnotes":""},"categories":[7,37],"tags":[],"class_list":["post-17726","post","type-post","status-publish","format-standard","has-post-thumbnail","hentry","category-atacama","category-nacional"],"_links":{"self":[{"href":"https:\/\/www.radioamigavallenar.cl\/index.php?rest_route=\/wp\/v2\/posts\/17726","targetHints":{"allow":["GET"]}}],"collection":[{"href":"https:\/\/www.radioamigavallenar.cl\/index.php?rest_route=\/wp\/v2\/posts"}],"about":[{"href":"https:\/\/www.radioamigavallenar.cl\/index.php?rest_route=\/wp\/v2\/types\/post"}],"author":[{"embeddable":true,"href":"https:\/\/www.radioamigavallenar.cl\/index.php?rest_route=\/wp\/v2\/users\/2"}],"replies":[{"embeddable":true,"href":"https:\/\/www.radioamigavallenar.cl\/index.php?rest_route=%2Fwp%2Fv2%2Fcomments&post=17726"}],"version-history":[{"count":0,"href":"https:\/\/www.radioamigavallenar.cl\/index.php?rest_route=\/wp\/v2\/posts\/17726\/revisions"}],"wp:featuredmedia":[{"embeddable":true,"href":"https:\/\/www.radioamigavallenar.cl\/index.php?rest_route=\/wp\/v2\/media\/17727"}],"wp:attachment":[{"href":"https:\/\/www.radioamigavallenar.cl\/index.php?rest_route=%2Fwp%2Fv2%2Fmedia&parent=17726"}],"wp:term":[{"taxonomy":"category","embeddable":true,"href":"https:\/\/www.radioamigavallenar.cl\/index.php?rest_route=%2Fwp%2Fv2%2Fcategories&post=17726"},{"taxonomy":"post_tag","embeddable":true,"href":"https:\/\/www.radioamigavallenar.cl\/index.php?rest_route=%2Fwp%2Fv2%2Ftags&post=17726"}],"curies":[{"name":"wp","href":"https:\/\/api.w.org\/{rel}","templated":true}]}}