{"id":17723,"date":"2019-10-29T00:00:04","date_gmt":"2019-10-29T03:00:04","guid":{"rendered":"https:\/\/www.radioamigavallenar.cl\/?p=17723"},"modified":"2019-10-28T20:50:57","modified_gmt":"2019-10-28T23:50:57","slug":"seremi-de-gobierno-si-todos-trabajamos-con-unidad-disposicion-y-responsabilidad-lograremos-avances-historicos","status":"publish","type":"post","link":"https:\/\/www.radioamigavallenar.cl\/?p=17723","title":{"rendered":"Seremi de Gobierno: \u201cSi todos trabajamos con unidad, disposici\u00f3n y responsabilidad lograremos avances hist\u00f3ricos\u201d"},"content":{"rendered":"\n<figure class=\"wp-block-image\"><img loading=\"lazy\" decoding=\"async\" width=\"1024\" height=\"678\" src=\"https:\/\/www.radioamigavallenar.cl\/wp-content\/uploads\/2019\/10\/Seremi-de-Gobierno-2-1024x678.jpg\" alt=\"\" class=\"wp-image-17724\" srcset=\"https:\/\/www.radioamigavallenar.cl\/wp-content\/uploads\/2019\/10\/Seremi-de-Gobierno-2-1024x678.jpg 1024w, https:\/\/www.radioamigavallenar.cl\/wp-content\/uploads\/2019\/10\/Seremi-de-Gobierno-2-300x199.jpg 300w, https:\/\/www.radioamigavallenar.cl\/wp-content\/uploads\/2019\/10\/Seremi-de-Gobierno-2-768x509.jpg 768w, https:\/\/www.radioamigavallenar.cl\/wp-content\/uploads\/2019\/10\/Seremi-de-Gobierno-2.jpg 1176w\" sizes=\"auto, (max-width: 1024px) 100vw, 1024px\" \/><\/figure>\n\n\n\n<p><strong>La vocera regional valor\u00f3 el liderazgo del Jefe de Estado qui\u00e9n pidi\u00f3 perd\u00f3n y de inmediato, tras escuchar a la ciudadan\u00eda, propuso y proyecta iniciativas concretas a las demandas. <\/strong><\/p>\n\n\n\n<p>\u201cAs\u00ed como hemos visto tiempos de violencia innecesaria e injustificada en contra de la infraestructura p\u00fablica y privada, en estos d\u00edas tambi\u00e9n hemos escuchado las inquietudes, demandas y necesidades de Atacama y el pa\u00eds, particularmente de aquellos que se han manifestado de manera pac\u00edfica y con argumentos. Con humildad, hemos recibido el mensaje de la ciudadan\u00eda y nuestro Presidente Sebasti\u00e1n Pi\u00f1era ha puesto en marcha una serie de medidas para trabajar con fuerza y responsabilidad en el corto, mediano y largo plazo\u201d. Con estas palabras, la Secretaria Regional Ministerial de Gobierno, Mar\u00eda Francisca Plaza Velis, se refiri\u00f3 a la contingencia y a las propuestas anunciadas por el Mandatario en el marco de la Nueva Agenda Social para el pa\u00eds. .<\/p>\n\n\n\n<p>Pensiones<\/p>\n\n\n\n<p>Plaza Velis inform\u00f3 que el pasado viernes, el Presidente firm\u00f3 un proyecto de ley para aumentar las pensiones de casi 3 millones de chilenos. \u201cEs sin duda una de las demandas m\u00e1s se\u00f1alas de \u00e9stos d\u00edas y nuestro Presidente Sebasti\u00e1n Pi\u00f1era ha dado un paso trascendental en esta materia. Las medidas involucran un aumento del 20% de la Pensi\u00f3n B\u00e1sica Solidaria, lo que beneficiar\u00e1 a 600 mil personas. Adem\u00e1s, se realizar\u00e1 un aumento inmediato; apenas se apruebe la ley; en el Aporte Previsional Solidario de un 20%, beneficiando a un mill\u00f3n de adultos mayores\u201d.<\/p>\n\n\n\n<p>\u201cEste proyecto agrega un punto de cotizaci\u00f3n adicional, de cargo del empleador, el que ser\u00e1 destinado a financiar Seguros Sociales, como el seguro para adultos mayores no valentes y otros Seguros Sociales. Tambi\u00e9n incorpora un aumento adicional de las pensiones b\u00e1sicas y los aportes previsionales solidarios, durante los a\u00f1os 2021 y 2022, para los pensionados mayores de 74 a\u00f1os y aportes de recursos fiscales para complementar el ahorro previsional de la clase media y las mujeres, favoreciendo a 500 mil trabajadores. Esta es una nueva Agenda Social\u201d, explic\u00f3 la Seremi.<\/p>\n\n\n\n<p>Baja en tarifas el\u00e9ctricas<\/p>\n\n\n\n<p>En plena contingencia y demostrando su real inter\u00e9s de avanzar en las solicitudes de chilenos y atacame\u00f1os, el Presidente Sebasti\u00e1n Pi\u00f1era firm\u00f3 el pasado jueves, el proyecto de Estabilizaci\u00f3n de Tarifas El\u00e9ctricas, que seg\u00fan informa la Seremi de Gobierno \u201cpermitir\u00e1 anular la reciente alza de la electricidad y adelantar la rebaja en el precio de la energ\u00eda que<\/p>\n\n\n\n<p>se esperaba a partir de 2021. Es un alivio en la cuenta de la luz. El nuevo mecanismo de estabilizaci\u00f3n de precios anular\u00e1 el alza de las tarifas del 9,2% promedio del segundo semestre y permitir\u00e1, adem\u00e1s, adelantar la reducci\u00f3n que se esperaba desde 2021, producto del ingreso de las energ\u00edas renovables y de la neutralizaci\u00f3n del efecto del d\u00f3lar.<\/p>\n\n\n\n<p>Los beneficios anunciados llegar\u00e1n a todas las familias del pa\u00eds y se aplicar\u00e1n de forma autom\u00e1tica en sus cuentas. Nuestro Presidente agradeci\u00f3 a los aportes que han hechos parlamentarios de muchos sectores para poder impulsar esta iniciativa, y tambi\u00e9n agradecer a las empresas el\u00e9ctricas por su actitud y disposici\u00f3n para facilitar esta medida que significa, sin duda, una buena noticia para casi 7 millones de hogares chilenos\u201d, agreg\u00f3 la autoridad.<\/p>\n\n\n\n<p>La iniciativa, que debe ser aprobada en el Congreso, se enmarca dentro de la Nueva Agenda Social, una serie de medidas que establecen beneficios urgentes para los sectores vulnerables, la clase media, los adultos mayores y los m\u00e1s postergados, presentada el martes por el Presidente Pi\u00f1era.<\/p>\n\n\n\n<p>Llamado a la unidad<\/p>\n\n\n\n<p>Para transparentar el trabajo, las iniciativas y propuestas del Gobierno, Mar\u00eda Francisca Plaza Velis, inform\u00f3 que en la p\u00e1gina https:\/\/www.gob.cl\/agendasocial\/ \u201cpodr\u00e1n encontrar nuestras iniciativas en materia de pensiones, salud y medicamentos, ingreso m\u00ednimo garantizado, tarifas el\u00e9ctricas, mayores impuestos a los sectores de mayores ingresos, creaci\u00f3n de la defensor\u00eda dela v\u00edctimas, mayor equidad entre comunas de altos y bajos ingresos, Congreso y administraci\u00f3n p\u00fablica, por nombrar algunos ejemplos\u201d.<\/p>\n\n\n\n<p>\u201cAhora es momento de dialogar, escuchar, analizar, proponer, proyectar y canalizar todas las propuestas para trabajar con mucho sentido de unidad. Esta es la \u00fanica f\u00f3rmula para que entre todos; y me refiero al sector privado, a la academia, a las organizaciones sociales, la comunidad, los municipios, los parlamentarios y el sector p\u00fablico; podamos hacer de Chile y Atacama, un territorio m\u00e1s justo, equitativo, solidario, sustentable y desarrollado, que es precisamente lo que quiere nuestro Presidente Sebasti\u00e1n Pi\u00f1era y todos los chilenos\u201d, concluy\u00f3 la vocera regional del Gobierno.<\/p>\n","protected":false},"excerpt":{"rendered":"<p>La vocera regional valor\u00f3 el liderazgo del Jefe de Estado qui\u00e9n pidi\u00f3 perd\u00f3n y de inmediato, tras escuchar a la ciudadan\u00eda, propuso y proyecta iniciativas&hellip; <\/p>\n","protected":false},"author":2,"featured_media":17724,"comment_status":"open","ping_status":"closed","sticky":false,"template":"","format":"standard","meta":{"footnotes":""},"categories":[7],"tags":[],"class_list":["post-17723","post","type-post","status-publish","format-standard","has-post-thumbnail","hentry","category-atacama"],"_links":{"self":[{"href":"https:\/\/www.radioamigavallenar.cl\/index.php?rest_route=\/wp\/v2\/posts\/17723","targetHints":{"allow":["GET"]}}],"collection":[{"href":"https:\/\/www.radioamigavallenar.cl\/index.php?rest_route=\/wp\/v2\/posts"}],"about":[{"href":"https:\/\/www.radioamigavallenar.cl\/index.php?rest_route=\/wp\/v2\/types\/post"}],"author":[{"embeddable":true,"href":"https:\/\/www.radioamigavallenar.cl\/index.php?rest_route=\/wp\/v2\/users\/2"}],"replies":[{"embeddable":true,"href":"https:\/\/www.radioamigavallenar.cl\/index.php?rest_route=%2Fwp%2Fv2%2Fcomments&post=17723"}],"version-history":[{"count":0,"href":"https:\/\/www.radioamigavallenar.cl\/index.php?rest_route=\/wp\/v2\/posts\/17723\/revisions"}],"wp:featuredmedia":[{"embeddable":true,"href":"https:\/\/www.radioamigavallenar.cl\/index.php?rest_route=\/wp\/v2\/media\/17724"}],"wp:attachment":[{"href":"https:\/\/www.radioamigavallenar.cl\/index.php?rest_route=%2Fwp%2Fv2%2Fmedia&parent=17723"}],"wp:term":[{"taxonomy":"category","embeddable":true,"href":"https:\/\/www.radioamigavallenar.cl\/index.php?rest_route=%2Fwp%2Fv2%2Fcategories&post=17723"},{"taxonomy":"post_tag","embeddable":true,"href":"https:\/\/www.radioamigavallenar.cl\/index.php?rest_route=%2Fwp%2Fv2%2Ftags&post=17723"}],"curies":[{"name":"wp","href":"https:\/\/api.w.org\/{rel}","templated":true}]}}