{"id":17719,"date":"2019-10-28T13:43:14","date_gmt":"2019-10-28T16:43:14","guid":{"rendered":"https:\/\/www.radioamigavallenar.cl\/?p=17719"},"modified":"2019-10-28T13:43:15","modified_gmt":"2019-10-28T16:43:15","slug":"cochilco-organiza-seminario-internacional-suministro-responsable-de-minerales-y-metales","status":"publish","type":"post","link":"https:\/\/www.radioamigavallenar.cl\/?p=17719","title":{"rendered":"Cochilco organiza seminario internacional Suministro Responsable de Minerales y Metales"},"content":{"rendered":"\n<figure class=\"wp-block-image\"><img loading=\"lazy\" decoding=\"async\" width=\"1024\" height=\"576\" src=\"https:\/\/www.radioamigavallenar.cl\/wp-content\/uploads\/2019\/10\/1501088332-cobre-istock-1024x576.jpg\" alt=\"\" class=\"wp-image-17720\" srcset=\"https:\/\/www.radioamigavallenar.cl\/wp-content\/uploads\/2019\/10\/1501088332-cobre-istock-1024x576.jpg 1024w, https:\/\/www.radioamigavallenar.cl\/wp-content\/uploads\/2019\/10\/1501088332-cobre-istock-300x169.jpg 300w, https:\/\/www.radioamigavallenar.cl\/wp-content\/uploads\/2019\/10\/1501088332-cobre-istock-768x432.jpg 768w, https:\/\/www.radioamigavallenar.cl\/wp-content\/uploads\/2019\/10\/1501088332-cobre-istock.jpg 1200w\" sizes=\"auto, (max-width: 1024px) 100vw, 1024px\" \/><\/figure>\n\n\n\n<p>La actividad, que se realizar\u00e1 el pr\u00f3ximo 29 de noviembre, tiene por objetivo difundir y analizar el impacto que tendr\u00eda para el sector minero las nuevas normativas que la Uni\u00f3n Europea est\u00e1 aplicando.<br>Negocios e industria<\/p>\n\n\n\n<p>La Comisi\u00f3n Chilena del Cobre est\u00e1 organizando, para el 29 de noviembre, el seminario internacional \u201cSuministro Responsable de Minerales y Metales\u201d que tiene por objetivo difundir y analizar el impacto que tendr\u00eda para el sector minero las nuevas normativas que la Uni\u00f3n Europea est\u00e1 aplicando para asegurar el abastecimiento responsable de la producci\u00f3n minera.<\/p>\n\n\n\n<p>Al respecto el vicepresidente ejecutivo (s) de Cochilco, Jorge Cantallopts, se\u00f1al\u00f3 en los \u00faltimos a\u00f1os se ha avanzado en la comprensi\u00f3n que el desarrollo sostenible no es s\u00f3lo hablar de medio ambiente, sociedad o econom\u00eda, sino que de estos tres conceptos en su conjunto y en sinton\u00eda con las comunidades.<\/p>\n\n\n\n<p>El seminario ser\u00e1 inaugurado por el Ministro de Miner\u00eda, Baldo Prokurica; y expondr\u00e1n por Chile el subsecretario de esta cartera, Ricardo Irarr\u00e1zabal, y el subsecretario de Relaciones Econ\u00f3micas de Chile, Rodrigo Y\u00e1\u00f1ez.<\/p>\n\n\n\n<p>Expondr\u00e1 tambi\u00e9n la Organizaci\u00f3n para la Cooperaci\u00f3n Econ\u00f3mica y Desarrollo (OCDE), entidad que presentar\u00e1 la \u201cGu\u00eda de Debida Diligencia\u201d, cuya elaboraci\u00f3n inici\u00f3 en 2009, y que tiene por objetivo establecer un mecanismo que permitiera determinar que ciertos minerales no tuvieran su origen en zonas de conflicto, la cual se adopt\u00f3 en 2011.<\/p>\n\n\n\n<p>Otra de las instituciones que participar\u00e1 con orador es la Bolsa de Metales de Londres, entidad que est\u00e1 considerando aplicar esta normativa en primera instancia para el cobalto y esta\u00f1o, y despu\u00e9s para otros minerales.<\/p>\n\n\n\n<p>Tambi\u00e9n estar\u00e1 presente el Grupo Internacional del Cobre (GIEC) que entregar\u00e1 la visi\u00f3n de los pa\u00edses productores y consumidores de cobre del mundo sobre esta materia.<\/p>\n","protected":false},"excerpt":{"rendered":"<p>La actividad, que se realizar\u00e1 el pr\u00f3ximo 29 de noviembre, tiene por objetivo difundir y analizar el impacto que tendr\u00eda para el sector minero las&hellip; <\/p>\n","protected":false},"author":2,"featured_media":17720,"comment_status":"open","ping_status":"closed","sticky":false,"template":"","format":"standard","meta":{"footnotes":""},"categories":[7,34],"tags":[],"class_list":["post-17719","post","type-post","status-publish","format-standard","has-post-thumbnail","hentry","category-atacama","category-mineria"],"_links":{"self":[{"href":"https:\/\/www.radioamigavallenar.cl\/index.php?rest_route=\/wp\/v2\/posts\/17719","targetHints":{"allow":["GET"]}}],"collection":[{"href":"https:\/\/www.radioamigavallenar.cl\/index.php?rest_route=\/wp\/v2\/posts"}],"about":[{"href":"https:\/\/www.radioamigavallenar.cl\/index.php?rest_route=\/wp\/v2\/types\/post"}],"author":[{"embeddable":true,"href":"https:\/\/www.radioamigavallenar.cl\/index.php?rest_route=\/wp\/v2\/users\/2"}],"replies":[{"embeddable":true,"href":"https:\/\/www.radioamigavallenar.cl\/index.php?rest_route=%2Fwp%2Fv2%2Fcomments&post=17719"}],"version-history":[{"count":0,"href":"https:\/\/www.radioamigavallenar.cl\/index.php?rest_route=\/wp\/v2\/posts\/17719\/revisions"}],"wp:featuredmedia":[{"embeddable":true,"href":"https:\/\/www.radioamigavallenar.cl\/index.php?rest_route=\/wp\/v2\/media\/17720"}],"wp:attachment":[{"href":"https:\/\/www.radioamigavallenar.cl\/index.php?rest_route=%2Fwp%2Fv2%2Fmedia&parent=17719"}],"wp:term":[{"taxonomy":"category","embeddable":true,"href":"https:\/\/www.radioamigavallenar.cl\/index.php?rest_route=%2Fwp%2Fv2%2Fcategories&post=17719"},{"taxonomy":"post_tag","embeddable":true,"href":"https:\/\/www.radioamigavallenar.cl\/index.php?rest_route=%2Fwp%2Fv2%2Ftags&post=17719"}],"curies":[{"name":"wp","href":"https:\/\/api.w.org\/{rel}","templated":true}]}}