{"id":17716,"date":"2019-10-28T13:40:35","date_gmt":"2019-10-28T16:40:35","guid":{"rendered":"https:\/\/www.radioamigavallenar.cl\/?p=17716"},"modified":"2019-10-28T13:50:36","modified_gmt":"2019-10-28T16:50:36","slug":"candelaria-proyecta-producir-145-000-155-000-ton-de-cobre-este-ano","status":"publish","type":"post","link":"https:\/\/www.radioamigavallenar.cl\/?p=17716","title":{"rendered":"Candelaria proyecta producir 145.000 \u2013 155.000 toneladas de cobre este a\u00f1o"},"content":{"rendered":"\n<figure class=\"wp-block-image\"><img loading=\"lazy\" decoding=\"async\" width=\"620\" height=\"403\" src=\"https:\/\/www.radioamigavallenar.cl\/wp-content\/uploads\/2019\/10\/Minera-Candelaria-620x403.jpg\" alt=\"\" class=\"wp-image-17717\" srcset=\"https:\/\/www.radioamigavallenar.cl\/wp-content\/uploads\/2019\/10\/Minera-Candelaria-620x403.jpg 620w, https:\/\/www.radioamigavallenar.cl\/wp-content\/uploads\/2019\/10\/Minera-Candelaria-620x403-300x195.jpg 300w\" sizes=\"auto, (max-width: 620px) 100vw, 620px\" \/><\/figure>\n\n\n\n<p>En cuanto a la situaci\u00f3n que ha vivido el pa\u00eds en los \u00faltimos d\u00edas, Lundin Mining dio a conocer que hasta mediados de la semana no hab\u00eda registrado impacto en su actividad, pero no los descartaba, dependiendo de c\u00f3mo evolucionara el escenario.<\/p>\n\n\n\n<p>Una producci\u00f3n de entre 227.000 y 245.000 ton de cobre proyecta para este a\u00f1o la canadiense Lundin Minig, de acuerdo con su informe de resultados correspondientes al tercer trimestre. La estimaci\u00f3n es pr\u00e1cticamente similar a la entregada en el reporte anterior.<\/p>\n\n\n\n<p>El aporte total a este volumen por parte de su mina Candelaria -ubicada en la Regi\u00f3n de Atacama y en la cual posee el 80% de la propiedad- corresponder\u00eda a un rango de 145.000 \u2013 155.000 ton de cobre, con un costo C1 de US$1,6 la libra.<\/p>\n\n\n\n<p>La minera inform\u00f3 que entre julio y septiembre esta faena produjo 40.698 ton de cobre, junto con aproximadamente 24.000 oz de oro y 355.000 oz de plata. El volumen obtenido de letal rojo fue superior tanto si se compara con similar lapso del ejercicio anterior como con el trimestre previo, se\u00f1al\u00f3 la canadiense. Esto como consecuencia de mejores leyes y de mayor cantidad de mineral procedente del rajo, y menos del stockpile.<\/p>\n\n\n\n<p>El cash cost correspondiente a la extracci\u00f3n de cobre fue en promedio de US$1,39 la libra.<\/p>\n\n\n\n<p>El documento tambi\u00e9n destaca el ingreso a operaciones del Sector Sur de su mina subterr\u00e1nea, el cual se habr\u00eda logrado antes de lo previsto. Con ello, la producci\u00f3n de las \u00e1reas Norte y Sur estar\u00edan en ramp up para lograr las 14.000 tpd contempladas.<\/p>\n\n\n\n<p>En cuanto a la situaci\u00f3n que ha vivido el pa\u00eds en los \u00faltimos d\u00edas, Lundin dio a conocer que hasta mediados de la semana no hab\u00eda registrado impacto en su actividad, pero no los descartaba, dependiendo de c\u00f3mo evolucionara el escenario.<\/p>\n","protected":false},"excerpt":{"rendered":"<p>En cuanto a la situaci\u00f3n que ha vivido el pa\u00eds en los \u00faltimos d\u00edas, Lundin Mining dio a conocer que hasta mediados de la semana&hellip; <\/p>\n","protected":false},"author":2,"featured_media":17717,"comment_status":"open","ping_status":"closed","sticky":false,"template":"","format":"standard","meta":{"footnotes":""},"categories":[7,34],"tags":[],"class_list":["post-17716","post","type-post","status-publish","format-standard","has-post-thumbnail","hentry","category-atacama","category-mineria"],"_links":{"self":[{"href":"https:\/\/www.radioamigavallenar.cl\/index.php?rest_route=\/wp\/v2\/posts\/17716","targetHints":{"allow":["GET"]}}],"collection":[{"href":"https:\/\/www.radioamigavallenar.cl\/index.php?rest_route=\/wp\/v2\/posts"}],"about":[{"href":"https:\/\/www.radioamigavallenar.cl\/index.php?rest_route=\/wp\/v2\/types\/post"}],"author":[{"embeddable":true,"href":"https:\/\/www.radioamigavallenar.cl\/index.php?rest_route=\/wp\/v2\/users\/2"}],"replies":[{"embeddable":true,"href":"https:\/\/www.radioamigavallenar.cl\/index.php?rest_route=%2Fwp%2Fv2%2Fcomments&post=17716"}],"version-history":[{"count":0,"href":"https:\/\/www.radioamigavallenar.cl\/index.php?rest_route=\/wp\/v2\/posts\/17716\/revisions"}],"wp:featuredmedia":[{"embeddable":true,"href":"https:\/\/www.radioamigavallenar.cl\/index.php?rest_route=\/wp\/v2\/media\/17717"}],"wp:attachment":[{"href":"https:\/\/www.radioamigavallenar.cl\/index.php?rest_route=%2Fwp%2Fv2%2Fmedia&parent=17716"}],"wp:term":[{"taxonomy":"category","embeddable":true,"href":"https:\/\/www.radioamigavallenar.cl\/index.php?rest_route=%2Fwp%2Fv2%2Fcategories&post=17716"},{"taxonomy":"post_tag","embeddable":true,"href":"https:\/\/www.radioamigavallenar.cl\/index.php?rest_route=%2Fwp%2Fv2%2Ftags&post=17716"}],"curies":[{"name":"wp","href":"https:\/\/api.w.org\/{rel}","templated":true}]}}