{"id":17713,"date":"2019-10-28T13:13:41","date_gmt":"2019-10-28T16:13:41","guid":{"rendered":"https:\/\/www.radioamigavallenar.cl\/?p=17713"},"modified":"2019-10-28T13:13:43","modified_gmt":"2019-10-28T16:13:43","slug":"presidente-pinera-concreto-cambio-de-gabinete-5-entran-y-3-cambian-de-ministerio","status":"publish","type":"post","link":"https:\/\/www.radioamigavallenar.cl\/?p=17713","title":{"rendered":"Presidente Pi\u00f1era concret\u00f3 cambio de gabinete: 5 entran y 3 cambian de ministerio"},"content":{"rendered":"\n<figure class=\"wp-block-image\"><img loading=\"lazy\" decoding=\"async\" width=\"900\" height=\"600\" src=\"https:\/\/www.radioamigavallenar.cl\/wp-content\/uploads\/2019\/10\/El-presidente-de-la-Re-3929919.jpg\" alt=\"\" class=\"wp-image-17714\" srcset=\"https:\/\/www.radioamigavallenar.cl\/wp-content\/uploads\/2019\/10\/El-presidente-de-la-Re-3929919.jpg 900w, https:\/\/www.radioamigavallenar.cl\/wp-content\/uploads\/2019\/10\/El-presidente-de-la-Re-3929919-300x200.jpg 300w, https:\/\/www.radioamigavallenar.cl\/wp-content\/uploads\/2019\/10\/El-presidente-de-la-Re-3929919-768x512.jpg 768w\" sizes=\"auto, (max-width: 900px) 100vw, 900px\" \/><\/figure>\n\n\n\n<h4 class=\"wp-block-heading\">Tal como lo hab\u00eda anunciado, el Mandatario hizo profundas modificaciones a su equipo de trabajo.<\/h4>\n\n\n\n<p>Dos d\u00edas despu\u00e9s de pedirle la renuncia a todos sus ministros, el Presidente Sebasti\u00e1n Pi\u00f1era anunci\u00f3 hoy los nombres de los nuevos secretarios de Estado que lo acompa\u00f1ar\u00e1n de ahora en m\u00e1s.<\/p>\n\n\n\n<p>El s\u00e1bado el Mandatario tom\u00f3 la decisi\u00f3n de reestructurar su gabinete a fin de enfrentar esta nueva etapa, tras las movilizaciones sociales de la semana pasada.<\/p>\n\n\n\n<p>\u201cHe pedido a todos los ministros poner sus cargos a disposici\u00f3n, para poder estructurar un nuevo gabinete para poder enfrentar estas nuevas demandas y hacernos cargos de los nuevos tiempos\u201d, se\u00f1al\u00f3 el presidente en la oportunidad.<\/p>\n\n\n\n<h2 class=\"wp-block-heading\">Cambio de gabinete<\/h2>\n\n\n\n<p>Y hoy fue el d\u00eda elegido para dar a conocer las modificaciones en el gabinete, el tercer cambio en el segundo per\u00edodo de Pi\u00f1era, que tuvo los siguientes cambios:<\/p>\n\n\n\n<p><strong>Ministerio del Interior y Seguridad P\u00fablica<\/strong>: sali\u00f3 Andr\u00e9s Chadwick e ingres\u00f3 Gonzalo Blumel.<\/p>\n\n\n\n<p><strong>Ministerio Secretar\u00eda General de Gobierno<\/strong>: se va Cecilia P\u00e9rez y llega Karla Rubilar.<\/p>\n\n\n\n<p><strong>Ministerio de Econom\u00eda, Fomento y Turismo<\/strong>:&nbsp;Juan Andr\u00e9s Fontaine le deja su cargo a Lucas Palacio.<\/p>\n\n\n\n<p><strong>Ministerio de Justicia y Derechos Humanos<\/strong>: Hern\u00e1n Larra\u00edn<\/p>\n\n\n\n<p><strong>Ministerio de Salud<\/strong>: Jaime Ma\u00f1alich<\/p>\n\n\n\n<p><strong>Ministerio de Miner\u00eda<\/strong>: Baldo Prokurica<\/p>\n\n\n\n<p><strong>Ministerio de Energ\u00eda<\/strong>: Juan Carlos Jobet<\/p>\n\n\n\n<p><strong>Ministerio de la Mujer y la Equidad de G\u00e9nero<\/strong>: Isabel Pl\u00e1<\/p>\n\n\n\n<p><strong>Ministerio de Relaciones Exteriore<\/strong>s: Teodoro Ribera<\/p>\n\n\n\n<p><strong>Ministerio de Hacienda<\/strong>: sali\u00f3 Felipe Larra\u00edn e Ignacio Briones.<\/p>\n\n\n\n<p><strong>Ministerio de Desarrollo Social y Familia<\/strong>: Sebasti\u00e1n Sichel<\/p>\n\n\n\n<p><strong>Ministerio del Trabajo y Previsi\u00f3n Social<\/strong>: Nicol\u00e1s Monckeberg dej\u00f3 su lugar a Mar\u00eda Jos\u00e9 Zald\u00edvar<\/p>\n\n\n\n<p><strong>Ministerio de Vivienda y Urbanismo<\/strong>: Cristi\u00e1n Monckeberg<\/p>\n\n\n\n<p><strong>Ministerio de Transportes y Telecomunicaciones<\/strong>: Gloria Hutt<\/p>\n\n\n\n<p><strong>Ministerio del Medio Ambiente<\/strong>: Carolina Schmidt<\/p>\n\n\n\n<p><strong>Ministerio de las Culturas, las Artes y el Patrimonio<\/strong>: Consuelo Vald\u00e9s<\/p>\n\n\n\n<p><strong>Ministerio de Defensa Nacional<\/strong>: Alberto Espina<\/p>\n\n\n\n<p><strong>Ministerio Secretar\u00eda General de la Presidencia<\/strong>: Gonzalo Blumel deja el cargo a Felipe Ward<\/p>\n\n\n\n<p><strong>Ministerio de Educaci\u00f3n<\/strong>: Marcela Cubillos<\/p>\n\n\n\n<p><strong>Ministerio de Obras P\u00fablicas<\/strong>: Alfredo Moreno<\/p>\n\n\n\n<p><strong>Ministerio de Agricultura<\/strong>: Antonio Walker<\/p>\n\n\n\n<p><strong>Ministerio de Bienes Nacionales<\/strong>: se va Felipe Ward y asume&nbsp;Julio Isamit D\u00edaz<\/p>\n\n\n\n<p><strong>Ministerio del Deporte<\/strong>: Pauline Kantor le deja el cargo a Cecilia P\u00e9rez.<\/p>\n\n\n\n<p><strong>Ministerio de Ciencia, Tecnolog\u00eda, Conocimiento e Innovaci\u00f3n<\/strong>: Andr\u00e9s Couve<\/p>\n","protected":false},"excerpt":{"rendered":"<p>Tal como lo hab\u00eda anunciado, el Mandatario hizo profundas modificaciones a su equipo de trabajo. Dos d\u00edas despu\u00e9s de pedirle la renuncia a todos sus&hellip; <\/p>\n","protected":false},"author":2,"featured_media":17714,"comment_status":"open","ping_status":"closed","sticky":false,"template":"","format":"standard","meta":{"footnotes":""},"categories":[7,37],"tags":[],"class_list":["post-17713","post","type-post","status-publish","format-standard","has-post-thumbnail","hentry","category-atacama","category-nacional"],"_links":{"self":[{"href":"https:\/\/www.radioamigavallenar.cl\/index.php?rest_route=\/wp\/v2\/posts\/17713","targetHints":{"allow":["GET"]}}],"collection":[{"href":"https:\/\/www.radioamigavallenar.cl\/index.php?rest_route=\/wp\/v2\/posts"}],"about":[{"href":"https:\/\/www.radioamigavallenar.cl\/index.php?rest_route=\/wp\/v2\/types\/post"}],"author":[{"embeddable":true,"href":"https:\/\/www.radioamigavallenar.cl\/index.php?rest_route=\/wp\/v2\/users\/2"}],"replies":[{"embeddable":true,"href":"https:\/\/www.radioamigavallenar.cl\/index.php?rest_route=%2Fwp%2Fv2%2Fcomments&post=17713"}],"version-history":[{"count":0,"href":"https:\/\/www.radioamigavallenar.cl\/index.php?rest_route=\/wp\/v2\/posts\/17713\/revisions"}],"wp:featuredmedia":[{"embeddable":true,"href":"https:\/\/www.radioamigavallenar.cl\/index.php?rest_route=\/wp\/v2\/media\/17714"}],"wp:attachment":[{"href":"https:\/\/www.radioamigavallenar.cl\/index.php?rest_route=%2Fwp%2Fv2%2Fmedia&parent=17713"}],"wp:term":[{"taxonomy":"category","embeddable":true,"href":"https:\/\/www.radioamigavallenar.cl\/index.php?rest_route=%2Fwp%2Fv2%2Fcategories&post=17713"},{"taxonomy":"post_tag","embeddable":true,"href":"https:\/\/www.radioamigavallenar.cl\/index.php?rest_route=%2Fwp%2Fv2%2Ftags&post=17713"}],"curies":[{"name":"wp","href":"https:\/\/api.w.org\/{rel}","templated":true}]}}