{"id":17710,"date":"2019-10-28T11:52:46","date_gmt":"2019-10-28T14:52:46","guid":{"rendered":"https:\/\/www.radioamigavallenar.cl\/?p=17710"},"modified":"2019-10-28T11:52:47","modified_gmt":"2019-10-28T14:52:47","slug":"presidente-del-servel-sugirio-restablecer-el-voto-obligatorio-para-mejorar-la-democracia","status":"publish","type":"post","link":"https:\/\/www.radioamigavallenar.cl\/?p=17710","title":{"rendered":"Presidente del Servel sugiri\u00f3 restablecer el voto obligatorio para mejorar la democracia"},"content":{"rendered":"\n<figure class=\"wp-block-image\"><img loading=\"lazy\" decoding=\"async\" width=\"1024\" height=\"576\" src=\"https:\/\/www.radioamigavallenar.cl\/wp-content\/uploads\/2019\/10\/foto_0000000120191028105803-1024x576.jpg\" alt=\"\" class=\"wp-image-17711\" srcset=\"https:\/\/www.radioamigavallenar.cl\/wp-content\/uploads\/2019\/10\/foto_0000000120191028105803-1024x576.jpg 1024w, https:\/\/www.radioamigavallenar.cl\/wp-content\/uploads\/2019\/10\/foto_0000000120191028105803-300x169.jpg 300w, https:\/\/www.radioamigavallenar.cl\/wp-content\/uploads\/2019\/10\/foto_0000000120191028105803-768x432.jpg 768w, https:\/\/www.radioamigavallenar.cl\/wp-content\/uploads\/2019\/10\/foto_0000000120191028105803.jpg 1130w\" sizes=\"auto, (max-width: 1024px) 100vw, 1024px\" \/><\/figure>\n\n\n\n<p><strong>A juicio de Patricio Santamar\u00eda \u00abes uno de los principales mecanismos para saber lo que las mayor\u00edas quieren\u00bb.Tambi\u00e9n propuso que debiera implementarse el ramo de Educaci\u00f3n Ciudadana en todos los establecimientos educacionales.<\/strong><\/p>\n\n\n\n<p>El presidente del Consejo Directivo del Servicio Electoral (Servel),\u00a0Patricio Santamar\u00eda, sugiri\u00f3 \u00abque se estudie\u00a0restablecer el voto obligatorio\u00bb como una medida \u00abpara mejorar nuestra democracia\u00bb al comentar, \u00abcomo simple ciudadano\u00bb, en sus redes sociales la crisis que se vive en el pa\u00eds con numerosas protestas contra el Gobierno de Sebasti\u00e1n Pi\u00f1era.<\/p>\n\n\n\n<p>\u00abComo una medida m\u00e1s para mejorar nuestra democracia, me permito sugerir que se estudie restablecer el voto obligatorio, considerando que\u00a0es uno de los principales mecanismos para saber lo que las mayor\u00edas quieren\u00a0y elegir a quienes deben implementarlo. Lo digo como simple ciudadano\u00bb, escribi\u00f3 Santamar\u00eda en su cuenta de Twitter.<\/p>\n\n\n\n<p>En un hilo de comentarios que comenz\u00f3 el pasado martes, el presidente del Servel tambi\u00e9n \u00abdeber\u00edamos cambiar la forma en que nos relacionamos.\u00a0El individualismo,\u00a0la competencia y el valorar s\u00f3lo lo material,\u00a0ha generado la desconfianza y la p\u00e9rdida del sentido de comunidad, de colaboraci\u00f3n y bien com\u00fan\u00bb.<\/p>\n\n\n\n<p>Para Santamar\u00eda, \u00ablo ocurrido debiera hacernos entender que\u00a0tenemos que construir un pa\u00eds de ciudadanos y no de consumidores.\u00a0Debiera implementarse el ramo de Educaci\u00f3n Ciudadana\u00a0en todos los establecimientos educacionales, tal como se dispuso el a\u00f1o 2016, sin que se cumpla hasta la fecha\u00bb.<\/p>\n","protected":false},"excerpt":{"rendered":"<p>A juicio de Patricio Santamar\u00eda \u00abes uno de los principales mecanismos para saber lo que las mayor\u00edas quieren\u00bb.Tambi\u00e9n propuso que debiera implementarse el ramo de&hellip; <\/p>\n","protected":false},"author":2,"featured_media":17711,"comment_status":"open","ping_status":"closed","sticky":false,"template":"","format":"standard","meta":{"footnotes":""},"categories":[7,37],"tags":[],"class_list":["post-17710","post","type-post","status-publish","format-standard","has-post-thumbnail","hentry","category-atacama","category-nacional"],"_links":{"self":[{"href":"https:\/\/www.radioamigavallenar.cl\/index.php?rest_route=\/wp\/v2\/posts\/17710","targetHints":{"allow":["GET"]}}],"collection":[{"href":"https:\/\/www.radioamigavallenar.cl\/index.php?rest_route=\/wp\/v2\/posts"}],"about":[{"href":"https:\/\/www.radioamigavallenar.cl\/index.php?rest_route=\/wp\/v2\/types\/post"}],"author":[{"embeddable":true,"href":"https:\/\/www.radioamigavallenar.cl\/index.php?rest_route=\/wp\/v2\/users\/2"}],"replies":[{"embeddable":true,"href":"https:\/\/www.radioamigavallenar.cl\/index.php?rest_route=%2Fwp%2Fv2%2Fcomments&post=17710"}],"version-history":[{"count":0,"href":"https:\/\/www.radioamigavallenar.cl\/index.php?rest_route=\/wp\/v2\/posts\/17710\/revisions"}],"wp:featuredmedia":[{"embeddable":true,"href":"https:\/\/www.radioamigavallenar.cl\/index.php?rest_route=\/wp\/v2\/media\/17711"}],"wp:attachment":[{"href":"https:\/\/www.radioamigavallenar.cl\/index.php?rest_route=%2Fwp%2Fv2%2Fmedia&parent=17710"}],"wp:term":[{"taxonomy":"category","embeddable":true,"href":"https:\/\/www.radioamigavallenar.cl\/index.php?rest_route=%2Fwp%2Fv2%2Fcategories&post=17710"},{"taxonomy":"post_tag","embeddable":true,"href":"https:\/\/www.radioamigavallenar.cl\/index.php?rest_route=%2Fwp%2Fv2%2Ftags&post=17710"}],"curies":[{"name":"wp","href":"https:\/\/api.w.org\/{rel}","templated":true}]}}