{"id":17707,"date":"2019-10-28T11:33:16","date_gmt":"2019-10-28T14:33:16","guid":{"rendered":"https:\/\/www.radioamigavallenar.cl\/?p=17707"},"modified":"2019-10-28T11:33:17","modified_gmt":"2019-10-28T14:33:17","slug":"diputados-udi-piden-al-gobierno-postergar-pago-de-iva-y-patentes-para-ayudar-a-pymes-afectadas","status":"publish","type":"post","link":"https:\/\/www.radioamigavallenar.cl\/?p=17707","title":{"rendered":"Diputados UDI piden al gobierno postergar pago de IVA y patentes para ayudar a Pymes afectadas"},"content":{"rendered":"\n<figure class=\"wp-block-image\"><img loading=\"lazy\" decoding=\"async\" width=\"750\" height=\"400\" src=\"https:\/\/www.radioamigavallenar.cl\/wp-content\/uploads\/2019\/10\/pymes-1-750x400.jpg\" alt=\"\" class=\"wp-image-17708\" srcset=\"https:\/\/www.radioamigavallenar.cl\/wp-content\/uploads\/2019\/10\/pymes-1-750x400.jpg 750w, https:\/\/www.radioamigavallenar.cl\/wp-content\/uploads\/2019\/10\/pymes-1-750x400-300x160.jpg 300w\" sizes=\"auto, (max-width: 750px) 100vw, 750px\" \/><\/figure>\n\n\n\n<p><strong>Como una forma de ayudar a las peque\u00f1as y medianas empresas que se han visto afectadas en su normal funcionamiento producto del estallido social a lo largo de todo el pa\u00eds, los diputados de la UDI Jorge Alessandri y Mar\u00eda Jos\u00e9 Hoffmann, propusieron este s\u00e1bado al Ejecutivo cinco medidas pro Pymes, para poder aplazar sus compromisos tributarios y pagar los salarios de sus trabajadores en octubre.<\/strong><\/p>\n\n\n\n<p>Ambos parlamentarios hicieron un llamado al Gobierno del Presidente Sebasti\u00e1n Pi\u00f1era que en \u201cesta nueva etapa que se inicia de reconstrucci\u00f3n, queremos que se d\u00e9 una mano muy concreta al comercio, a las Pymes, a trav\u00e9s de medidas muy concretas. Dentro de ellas que\u00a0el pago del IVA y el PPM, el formulario 29 que se paga cada mes se pueda retrasar hasta en 180 d\u00edas sin intereses, Hoy a las Pymes se les permite retrasar el IVA por 60 d\u00edas, pedimos que se ampl\u00ede a 180\u201d.<\/p>\n\n\n\n<p>Alessandri y Hoffmann propusieron tambi\u00e9n que\u00a0el pago de patentes comerciales \u201cse haga en diciembre, por el segundo semestre, en tres cuotas, como as\u00ed tambi\u00e9n el pago de las contribuciones para toda la clase media, la de diciembre se pueda pagar en tres cuotas, en diciembre, enero y febrero\u201d.<\/p>\n\n\n\n<p>\u201cTambi\u00e9n hacemos un un llamado decidido y claro a las empresas de mayor tama\u00f1o a que todas hagan el mayor esfuerzo necesarios para cumplir con sus pagos antes del mi\u00e9rcoles 30 que es el \u00faltimo d\u00eda h\u00e1bil del mes, porque de lo contrario afectan a todas las Pymes que trabajan para ellos, que le prestan servicios o le venden productos, para que no alteremos la cadena de pagos\u201d, agregaron los legisladores gremialistas.<\/p>\n\n\n\n<p>\u201cLo que queremos\u201d, subrayaron Alessandri y Hoffmann, \u201ces que todos los chilenos vean reflejado su sueldo el d\u00eda mi\u00e9rcoles en su cuenta corriente, que no tengan que esperar porque las Pymes no pudieron. Por eso las peque\u00f1as y medianas empresas necesitan dos ayudas, una del Estado que le aplace sus compromisos con el Estado, en pago de tributos y patentes sin intereses, pero otra mano muy importante del sector privado, que les garantiza tener en tiempo y forma sus pagos esta \u00faltima semana de octubre\u201d.<\/p>\n","protected":false},"excerpt":{"rendered":"<p>Como una forma de ayudar a las peque\u00f1as y medianas empresas que se han visto afectadas en su normal funcionamiento producto del estallido social a&hellip; <\/p>\n","protected":false},"author":2,"featured_media":17708,"comment_status":"open","ping_status":"closed","sticky":false,"template":"","format":"standard","meta":{"footnotes":""},"categories":[7,37],"tags":[],"class_list":["post-17707","post","type-post","status-publish","format-standard","has-post-thumbnail","hentry","category-atacama","category-nacional"],"_links":{"self":[{"href":"https:\/\/www.radioamigavallenar.cl\/index.php?rest_route=\/wp\/v2\/posts\/17707","targetHints":{"allow":["GET"]}}],"collection":[{"href":"https:\/\/www.radioamigavallenar.cl\/index.php?rest_route=\/wp\/v2\/posts"}],"about":[{"href":"https:\/\/www.radioamigavallenar.cl\/index.php?rest_route=\/wp\/v2\/types\/post"}],"author":[{"embeddable":true,"href":"https:\/\/www.radioamigavallenar.cl\/index.php?rest_route=\/wp\/v2\/users\/2"}],"replies":[{"embeddable":true,"href":"https:\/\/www.radioamigavallenar.cl\/index.php?rest_route=%2Fwp%2Fv2%2Fcomments&post=17707"}],"version-history":[{"count":0,"href":"https:\/\/www.radioamigavallenar.cl\/index.php?rest_route=\/wp\/v2\/posts\/17707\/revisions"}],"wp:featuredmedia":[{"embeddable":true,"href":"https:\/\/www.radioamigavallenar.cl\/index.php?rest_route=\/wp\/v2\/media\/17708"}],"wp:attachment":[{"href":"https:\/\/www.radioamigavallenar.cl\/index.php?rest_route=%2Fwp%2Fv2%2Fmedia&parent=17707"}],"wp:term":[{"taxonomy":"category","embeddable":true,"href":"https:\/\/www.radioamigavallenar.cl\/index.php?rest_route=%2Fwp%2Fv2%2Fcategories&post=17707"},{"taxonomy":"post_tag","embeddable":true,"href":"https:\/\/www.radioamigavallenar.cl\/index.php?rest_route=%2Fwp%2Fv2%2Ftags&post=17707"}],"curies":[{"name":"wp","href":"https:\/\/api.w.org\/{rel}","templated":true}]}}