{"id":17701,"date":"2019-10-28T10:43:50","date_gmt":"2019-10-28T13:43:50","guid":{"rendered":"https:\/\/www.radioamigavallenar.cl\/?p=17701"},"modified":"2019-10-28T10:43:51","modified_gmt":"2019-10-28T13:43:51","slug":"quiebre-en-sindicatos-de-codelco-tras-convocatoria-a-paro","status":"publish","type":"post","link":"https:\/\/www.radioamigavallenar.cl\/?p=17701","title":{"rendered":"Quiebre en sindicatos de Codelco tras convocatoria a paro"},"content":{"rendered":"\n<figure class=\"wp-block-image\"><img loading=\"lazy\" decoding=\"async\" width=\"682\" height=\"341\" src=\"https:\/\/www.radioamigavallenar.cl\/wp-content\/uploads\/2019\/10\/codelco-chuquicamata.jpg\" alt=\"\" class=\"wp-image-17702\" srcset=\"https:\/\/www.radioamigavallenar.cl\/wp-content\/uploads\/2019\/10\/codelco-chuquicamata.jpg 682w, https:\/\/www.radioamigavallenar.cl\/wp-content\/uploads\/2019\/10\/codelco-chuquicamata-300x150.jpg 300w\" sizes=\"auto, (max-width: 682px) 100vw, 682px\" \/><\/figure>\n\n\n\n<p><strong>Los sindicatos de base de la cuprera desconoc\u00edan la realizaci\u00f3n de la cita con los representantes del gobierno, la cual no fue consultada ni votada por las bases de la FTC. <\/strong><\/p>\n\n\n\n<p>Una nueva crisis se vive en el principal gremio sindical de Codelco. El viernes, nueve de los 15 consejeros de la Federaci\u00f3n de Trabajadores del Cobre (FTC) presentaron su renuncia a la mesa de la multisindical, incluido el presidente de la FTC, Juan Olgu\u00edn. Esto, debido al malestar que caus\u00f3 la reuni\u00f3n que Olgu\u00edn sostuvo el mi\u00e9rcoles con los ministros del Trabajo y Miner\u00eda, Nicol\u00e1s Monckeberg y Baldo Prokurica, y que permiti\u00f3 deponer el paro convocado por los trabajadores de Codelco en apoyo a la convocatoria hecha por la CUT.<\/p>\n\n\n\n<p>Los sindicatos de base de la cuprera desconoc\u00edan la realizaci\u00f3n de la cita con los representantes del gobierno, la cual no fue consultada ni votada por las bases de la FTC. De hecho, los gremios que representan a los trabajadores del distrito norte de Codelco indicaron que se sintieron sorprendidos con la reuni\u00f3n, la que ocurri\u00f3 \u201ccuando a\u00fan nos encontr\u00e1bamos participando del acto multitudinario, convocado por todas las fuerzas vivas, sociales, gremiales, pol\u00edticas y culturales de Calama\u201d.<\/p>\n\n\n\n<p>Para elegir a los nuevos dirigentes de la FTC se cit\u00f3 a una nueva asamblea, ahora extraordinaria, la que se desarrollar\u00e1 a fines de noviembre.<\/p>\n","protected":false},"excerpt":{"rendered":"<p>Los sindicatos de base de la cuprera desconoc\u00edan la realizaci\u00f3n de la cita con los representantes del gobierno, la cual no fue consultada ni votada&hellip; <\/p>\n","protected":false},"author":2,"featured_media":17702,"comment_status":"open","ping_status":"closed","sticky":false,"template":"","format":"standard","meta":{"footnotes":""},"categories":[7,34,37],"tags":[],"class_list":["post-17701","post","type-post","status-publish","format-standard","has-post-thumbnail","hentry","category-atacama","category-mineria","category-nacional"],"_links":{"self":[{"href":"https:\/\/www.radioamigavallenar.cl\/index.php?rest_route=\/wp\/v2\/posts\/17701","targetHints":{"allow":["GET"]}}],"collection":[{"href":"https:\/\/www.radioamigavallenar.cl\/index.php?rest_route=\/wp\/v2\/posts"}],"about":[{"href":"https:\/\/www.radioamigavallenar.cl\/index.php?rest_route=\/wp\/v2\/types\/post"}],"author":[{"embeddable":true,"href":"https:\/\/www.radioamigavallenar.cl\/index.php?rest_route=\/wp\/v2\/users\/2"}],"replies":[{"embeddable":true,"href":"https:\/\/www.radioamigavallenar.cl\/index.php?rest_route=%2Fwp%2Fv2%2Fcomments&post=17701"}],"version-history":[{"count":0,"href":"https:\/\/www.radioamigavallenar.cl\/index.php?rest_route=\/wp\/v2\/posts\/17701\/revisions"}],"wp:featuredmedia":[{"embeddable":true,"href":"https:\/\/www.radioamigavallenar.cl\/index.php?rest_route=\/wp\/v2\/media\/17702"}],"wp:attachment":[{"href":"https:\/\/www.radioamigavallenar.cl\/index.php?rest_route=%2Fwp%2Fv2%2Fmedia&parent=17701"}],"wp:term":[{"taxonomy":"category","embeddable":true,"href":"https:\/\/www.radioamigavallenar.cl\/index.php?rest_route=%2Fwp%2Fv2%2Fcategories&post=17701"},{"taxonomy":"post_tag","embeddable":true,"href":"https:\/\/www.radioamigavallenar.cl\/index.php?rest_route=%2Fwp%2Fv2%2Ftags&post=17701"}],"curies":[{"name":"wp","href":"https:\/\/api.w.org\/{rel}","templated":true}]}}