{"id":17698,"date":"2019-10-28T10:26:11","date_gmt":"2019-10-28T13:26:11","guid":{"rendered":"https:\/\/www.radioamigavallenar.cl\/?p=17698"},"modified":"2019-10-28T10:26:12","modified_gmt":"2019-10-28T13:26:12","slug":"colegio-medico-anuncio-que-mas-de-100-personas-perdieron-vision-tras-manifestaciones","status":"publish","type":"post","link":"https:\/\/www.radioamigavallenar.cl\/?p=17698","title":{"rendered":"Colegio M\u00e9dico anunci\u00f3 que m\u00e1s de 100 personas perdieron visi\u00f3n tras manifestaciones"},"content":{"rendered":"\n<figure class=\"wp-block-image\"><img loading=\"lazy\" decoding=\"async\" width=\"770\" height=\"450\" src=\"https:\/\/www.radioamigavallenar.cl\/wp-content\/uploads\/2019\/10\/3971817_n_vir3.jpg\" alt=\"\" class=\"wp-image-17699\" srcset=\"https:\/\/www.radioamigavallenar.cl\/wp-content\/uploads\/2019\/10\/3971817_n_vir3.jpg 770w, https:\/\/www.radioamigavallenar.cl\/wp-content\/uploads\/2019\/10\/3971817_n_vir3-300x175.jpg 300w, https:\/\/www.radioamigavallenar.cl\/wp-content\/uploads\/2019\/10\/3971817_n_vir3-768x449.jpg 768w\" sizes=\"auto, (max-width: 770px) 100vw, 770px\" \/><\/figure>\n\n\n\n<p>En medio de las manifestaciones que se han realizado a lo largo de todo el pa\u00eds, un n\u00famero importante de heridos\u00a0han quedado con graves problemas de por vida.<\/p>\n\n\n\n<p>Seg\u00fan informaci\u00f3n entregada por el Colegio M\u00e9dico,<strong>\u00a0<\/strong>m\u00e1s de 100 personas han perdido la visi\u00f3n por haber recibido balines en medio de las protestas.<\/p>\n\n\n\n<p>El representante de Derechos Humanos del gremio de la salud,<strong>\u00a0<\/strong>Enrique Morales en conjunto de la Asociaci\u00f3n Chilena de Oftamolog\u00eda<strong>\u00a0<\/strong>se\u00f1al\u00f3 que lo m\u00e1s preocupante es estas heridas son por parte de organismos del Estado. \u00abSon disparados por polic\u00edas o militares. M\u00e1s del 80% tiene al interior de su ojo balines de gomas\u00bb<strong>.<\/strong><\/p>\n\n\n\n<p>Una de las estad\u00edsticas que entrego fue que en el marco de una semana (19 a 26 de octubre), se presentaron\u00a096 pacientes con trauma ocular severo.<\/p>\n","protected":false},"excerpt":{"rendered":"<p>En medio de las manifestaciones que se han realizado a lo largo de todo el pa\u00eds, un n\u00famero importante de heridos\u00a0han quedado con graves problemas&hellip; <\/p>\n","protected":false},"author":2,"featured_media":17699,"comment_status":"open","ping_status":"closed","sticky":false,"template":"","format":"standard","meta":{"footnotes":""},"categories":[7,37],"tags":[],"class_list":["post-17698","post","type-post","status-publish","format-standard","has-post-thumbnail","hentry","category-atacama","category-nacional"],"_links":{"self":[{"href":"https:\/\/www.radioamigavallenar.cl\/index.php?rest_route=\/wp\/v2\/posts\/17698","targetHints":{"allow":["GET"]}}],"collection":[{"href":"https:\/\/www.radioamigavallenar.cl\/index.php?rest_route=\/wp\/v2\/posts"}],"about":[{"href":"https:\/\/www.radioamigavallenar.cl\/index.php?rest_route=\/wp\/v2\/types\/post"}],"author":[{"embeddable":true,"href":"https:\/\/www.radioamigavallenar.cl\/index.php?rest_route=\/wp\/v2\/users\/2"}],"replies":[{"embeddable":true,"href":"https:\/\/www.radioamigavallenar.cl\/index.php?rest_route=%2Fwp%2Fv2%2Fcomments&post=17698"}],"version-history":[{"count":0,"href":"https:\/\/www.radioamigavallenar.cl\/index.php?rest_route=\/wp\/v2\/posts\/17698\/revisions"}],"wp:featuredmedia":[{"embeddable":true,"href":"https:\/\/www.radioamigavallenar.cl\/index.php?rest_route=\/wp\/v2\/media\/17699"}],"wp:attachment":[{"href":"https:\/\/www.radioamigavallenar.cl\/index.php?rest_route=%2Fwp%2Fv2%2Fmedia&parent=17698"}],"wp:term":[{"taxonomy":"category","embeddable":true,"href":"https:\/\/www.radioamigavallenar.cl\/index.php?rest_route=%2Fwp%2Fv2%2Fcategories&post=17698"},{"taxonomy":"post_tag","embeddable":true,"href":"https:\/\/www.radioamigavallenar.cl\/index.php?rest_route=%2Fwp%2Fv2%2Ftags&post=17698"}],"curies":[{"name":"wp","href":"https:\/\/api.w.org\/{rel}","templated":true}]}}