{"id":17695,"date":"2019-10-28T10:10:09","date_gmt":"2019-10-28T13:10:09","guid":{"rendered":"https:\/\/www.radioamigavallenar.cl\/?p=17695"},"modified":"2019-10-28T10:10:10","modified_gmt":"2019-10-28T13:10:10","slug":"copiapo-presidente-comunal-de-profesores-se-refirio-al-regreso-a-clases-de-los-estudiantes","status":"publish","type":"post","link":"https:\/\/www.radioamigavallenar.cl\/?p=17695","title":{"rendered":"Copiap\u00f3: Presidente Comunal de Profesores se refiri\u00f3 al regreso a clases de los estudiantes."},"content":{"rendered":"\n<figure class=\"wp-block-image\"><img loading=\"lazy\" decoding=\"async\" width=\"670\" height=\"380\" src=\"https:\/\/www.radioamigavallenar.cl\/wp-content\/uploads\/2019\/10\/b97b1363-b16d-4bea-8d86-ccce31e4c40d-1-670x380.jpg\" alt=\"\" class=\"wp-image-17696\" srcset=\"https:\/\/www.radioamigavallenar.cl\/wp-content\/uploads\/2019\/10\/b97b1363-b16d-4bea-8d86-ccce31e4c40d-1-670x380.jpg 670w, https:\/\/www.radioamigavallenar.cl\/wp-content\/uploads\/2019\/10\/b97b1363-b16d-4bea-8d86-ccce31e4c40d-1-670x380-300x170.jpg 300w\" sizes=\"auto, (max-width: 670px) 100vw, 670px\" \/><\/figure>\n\n\n\n<p><strong>Carlos Rodriguez se mostr\u00f3 preocupado por&nbsp; la seguridad<\/strong><\/p>\n\n\n\n<p>\u00ab<em><strong>Esto nos irrumpe,nos sorprende, pero las demandas tienen mucho de raz\u00f3n, y por eso es delicado volver a la normalidad sin tener una respuesta o soluci\u00f3n a las demandas sociales<\/strong><\/em>\u00bb<\/p>\n\n\n\n<p>Se reunieran con los sostendedores y\u00a0 directores respecto a los hechos que acontecen en el pa\u00eds, por sobre todo\u00a0 la seguridad de los estudiantes y establecimientos educaciones de la comuna.<\/p>\n\n\n\n<p>Recordando adem\u00e1s que jueves y viernes, son feriados al menos para los estudiantes, y que s\u00f3lo tendr\u00edan clases hasta este mi\u00e9rcoles.<\/p>\n\n\n\n<p>Sobre la anunciada reuni\u00f3n, se dijo que cerca de las 18 horas se tendr\u00eda alguna novedad respecto de la continuidad de las clases en la comuna.<\/p>\n\n\n\n<p>\u00ab<em>Creo que las autoridades no deber\u00edan retrasar las respuestas, y dar prontas soluciones a las demandas, cosas concretas ya que esto es una acumulaci\u00f3n de promesas incumplidas, no solo de este gobierno sino que de todos los gobiernos anteriores, y eso se puede convertir en una situaci\u00f3n no predecible..<\/em>.\u00bb finaliz\u00f3 el gremialista de los docentes en la comuna de Copiap\u00f3.<\/p>\n","protected":false},"excerpt":{"rendered":"<p>Carlos Rodriguez se mostr\u00f3 preocupado por&nbsp; la seguridad \u00abEsto nos irrumpe,nos sorprende, pero las demandas tienen mucho de raz\u00f3n, y por eso es delicado volver&hellip; <\/p>\n","protected":false},"author":2,"featured_media":17696,"comment_status":"open","ping_status":"closed","sticky":false,"template":"","format":"standard","meta":{"footnotes":""},"categories":[7],"tags":[],"class_list":["post-17695","post","type-post","status-publish","format-standard","has-post-thumbnail","hentry","category-atacama"],"_links":{"self":[{"href":"https:\/\/www.radioamigavallenar.cl\/index.php?rest_route=\/wp\/v2\/posts\/17695","targetHints":{"allow":["GET"]}}],"collection":[{"href":"https:\/\/www.radioamigavallenar.cl\/index.php?rest_route=\/wp\/v2\/posts"}],"about":[{"href":"https:\/\/www.radioamigavallenar.cl\/index.php?rest_route=\/wp\/v2\/types\/post"}],"author":[{"embeddable":true,"href":"https:\/\/www.radioamigavallenar.cl\/index.php?rest_route=\/wp\/v2\/users\/2"}],"replies":[{"embeddable":true,"href":"https:\/\/www.radioamigavallenar.cl\/index.php?rest_route=%2Fwp%2Fv2%2Fcomments&post=17695"}],"version-history":[{"count":0,"href":"https:\/\/www.radioamigavallenar.cl\/index.php?rest_route=\/wp\/v2\/posts\/17695\/revisions"}],"wp:featuredmedia":[{"embeddable":true,"href":"https:\/\/www.radioamigavallenar.cl\/index.php?rest_route=\/wp\/v2\/media\/17696"}],"wp:attachment":[{"href":"https:\/\/www.radioamigavallenar.cl\/index.php?rest_route=%2Fwp%2Fv2%2Fmedia&parent=17695"}],"wp:term":[{"taxonomy":"category","embeddable":true,"href":"https:\/\/www.radioamigavallenar.cl\/index.php?rest_route=%2Fwp%2Fv2%2Fcategories&post=17695"},{"taxonomy":"post_tag","embeddable":true,"href":"https:\/\/www.radioamigavallenar.cl\/index.php?rest_route=%2Fwp%2Fv2%2Ftags&post=17695"}],"curies":[{"name":"wp","href":"https:\/\/api.w.org\/{rel}","templated":true}]}}