{"id":17687,"date":"2019-10-28T00:00:55","date_gmt":"2019-10-28T03:00:55","guid":{"rendered":"https:\/\/www.radioamigavallenar.cl\/?p=17687"},"modified":"2019-10-27T21:23:15","modified_gmt":"2019-10-28T00:23:15","slug":"fondo-orasmi-sigue-entregando-ayuda-en-la-provincia-de-copiapo","status":"publish","type":"post","link":"https:\/\/www.radioamigavallenar.cl\/?p=17687","title":{"rendered":"Fondo ORASMI sigue entregando ayuda en la provincia de Copiapo"},"content":{"rendered":"\n<figure class=\"wp-block-image\"><img loading=\"lazy\" decoding=\"async\" width=\"750\" height=\"400\" src=\"https:\/\/www.radioamigavallenar.cl\/wp-content\/uploads\/2019\/10\/fos-r.jpg\" alt=\"\" class=\"wp-image-17688\" srcset=\"https:\/\/www.radioamigavallenar.cl\/wp-content\/uploads\/2019\/10\/fos-r.jpg 750w, https:\/\/www.radioamigavallenar.cl\/wp-content\/uploads\/2019\/10\/fos-r-300x160.jpg 300w\" sizes=\"auto, (max-width: 750px) 100vw, 750px\" \/><\/figure>\n\n\n\n<p><em>En lo que va del transcurso de este a\u00f1o m\u00e1s de cien personas han sido beneficiadas con el Fondo de Organizaci\u00f3n Regional de Acci\u00f3n Social en las comunas de Copiap\u00f3, Tierra Amarilla y Caldera.<\/em><\/p>\n\n\n\n<p>En continuidad con el trabajo en terreno que mantiene la Gobernaci\u00f3n de Copiap\u00f3 en la gesti\u00f3n del Departamento Social, del cumplimiento de objetivos destinados a contribuir en la resoluci\u00f3n de la alta vulnerabilidad econ\u00f3mica de hombres y mujeres jefes de hogar, V\u00edctor Araya recibi\u00f3 en nombre de su esposa Luisa Araya un kit de ox\u00edgeno para uso de adulto mayor dependiente.<\/p>\n\n\n\n<p>La Gobernadora, Paulina Bassaure, afirm\u00f3 que \u201cGobernaci\u00f3n de Copiap\u00f3 continua trabajando en terreno &nbsp;entregando apoyo a los que hoy d\u00eda m\u00e1s nos necesitan, porque es de primera importancia la entrega de estos beneficios sociales, brindando apoyo a familias vulnerables, como es parte del rol de Ministerio del Interior y en representaci\u00f3n del Gobierno del Presidente Sebasti\u00e1n\u201d.<\/p>\n\n\n\n<p>Para V\u00edctor Araya, beneficiario junto a su esposa, es destacable el poder contar con este kit de ox\u00edgeno gracias a la pronta respuesta del servicio \u201csolo quiero agradecer a la Gobernaci\u00f3n de Copiap\u00f3 y al Gobierno del Presidente Pi\u00f1era por el apoyo que nos han dado con este kit que ayudar\u00e1 en la salud de mi se\u00f1ora que tiene problemas respiratorios, y con esto podemos asegurar que pueda estar bien cuando lo necesite\u201d.<\/p>\n\n\n\n<p>Ayudas sociales, que tiene como objetivo el contribuir a elevar la protecci\u00f3n y el amparo de la poblaci\u00f3n que se encuentren en situaci\u00f3n o condici\u00f3n de vulnerabilidad social, prestando atenci\u00f3n transitoria, y de exclusiva.<\/p>\n","protected":false},"excerpt":{"rendered":"<p>En lo que va del transcurso de este a\u00f1o m\u00e1s de cien personas han sido beneficiadas con el Fondo de Organizaci\u00f3n Regional de Acci\u00f3n Social&hellip; <\/p>\n","protected":false},"author":2,"featured_media":17688,"comment_status":"open","ping_status":"closed","sticky":false,"template":"","format":"standard","meta":{"footnotes":""},"categories":[7],"tags":[],"class_list":["post-17687","post","type-post","status-publish","format-standard","has-post-thumbnail","hentry","category-atacama"],"_links":{"self":[{"href":"https:\/\/www.radioamigavallenar.cl\/index.php?rest_route=\/wp\/v2\/posts\/17687","targetHints":{"allow":["GET"]}}],"collection":[{"href":"https:\/\/www.radioamigavallenar.cl\/index.php?rest_route=\/wp\/v2\/posts"}],"about":[{"href":"https:\/\/www.radioamigavallenar.cl\/index.php?rest_route=\/wp\/v2\/types\/post"}],"author":[{"embeddable":true,"href":"https:\/\/www.radioamigavallenar.cl\/index.php?rest_route=\/wp\/v2\/users\/2"}],"replies":[{"embeddable":true,"href":"https:\/\/www.radioamigavallenar.cl\/index.php?rest_route=%2Fwp%2Fv2%2Fcomments&post=17687"}],"version-history":[{"count":0,"href":"https:\/\/www.radioamigavallenar.cl\/index.php?rest_route=\/wp\/v2\/posts\/17687\/revisions"}],"wp:featuredmedia":[{"embeddable":true,"href":"https:\/\/www.radioamigavallenar.cl\/index.php?rest_route=\/wp\/v2\/media\/17688"}],"wp:attachment":[{"href":"https:\/\/www.radioamigavallenar.cl\/index.php?rest_route=%2Fwp%2Fv2%2Fmedia&parent=17687"}],"wp:term":[{"taxonomy":"category","embeddable":true,"href":"https:\/\/www.radioamigavallenar.cl\/index.php?rest_route=%2Fwp%2Fv2%2Fcategories&post=17687"},{"taxonomy":"post_tag","embeddable":true,"href":"https:\/\/www.radioamigavallenar.cl\/index.php?rest_route=%2Fwp%2Fv2%2Ftags&post=17687"}],"curies":[{"name":"wp","href":"https:\/\/api.w.org\/{rel}","templated":true}]}}