{"id":17560,"date":"2019-10-23T11:39:46","date_gmt":"2019-10-23T14:39:46","guid":{"rendered":"https:\/\/www.radioamigavallenar.cl\/?p=17560"},"modified":"2019-10-23T11:39:47","modified_gmt":"2019-10-23T14:39:47","slug":"directorio-de-enami-rechaza-destrozos-en-instalaciones-de-copiapo-y-la-serena","status":"publish","type":"post","link":"https:\/\/www.radioamigavallenar.cl\/?p=17560","title":{"rendered":"Directorio de Enami rechaza destrozos en instalaciones de Copiap\u00f3 y La Serena"},"content":{"rendered":"\n<figure class=\"wp-block-image\"><img loading=\"lazy\" decoding=\"async\" width=\"600\" height=\"400\" src=\"https:\/\/www.radioamigavallenar.cl\/wp-content\/uploads\/2019\/10\/Enami.jpg\" alt=\"\" class=\"wp-image-17561\" srcset=\"https:\/\/www.radioamigavallenar.cl\/wp-content\/uploads\/2019\/10\/Enami.jpg 600w, https:\/\/www.radioamigavallenar.cl\/wp-content\/uploads\/2019\/10\/Enami-300x200.jpg 300w\" sizes=\"auto, (max-width: 600px) 100vw, 600px\" \/><\/figure>\n\n\n\n<p>Hizo un llamado a la ciudadan\u00eda \u00aba cuidar la \u00fanica empresa del Estado de Chile dedicada al fomento de la peque\u00f1a y mediana miner\u00eda\u00bb.<\/p>\n\n\n\n<p>El Directorio de la Empresa Nacional de Miner\u00eda, Enami, manifest\u00f3 \u00absu completo rechazo y preocupaci\u00f3n\u00bb por los destrozos que han afectado a sus oficinas en La Serena y Copiap\u00f3.<\/p>\n\n\n\n<p>Asimismo, los directores hicieron un llamado a la ciudadan\u00eda \u00aba cuidar la \u00fanica empresa del Estado de Chile dedicada al fomento de la peque\u00f1a y mediana miner\u00eda, respetando a sus trabajadores, dependencias e instalaciones, que por casi 60 a\u00f1os han estado al servicio de un importante sector productivo de la econom\u00eda nacional\u00bb.<\/p>\n\n\n\n<p>Mediante un comunicado dado a conocer por la empresa, el Directorio \u00abagradece y reconoce el esfuerzo tanto de los productores mineros que no han interrumpido sus habituales entregas de minerales en poderes de compra, como a todos los trabajadores que conforman el equipo Enami que, durante estos d\u00edas, han demostrado el compromiso y dedicaci\u00f3n acostumbrado para mantener la continuidad de las operaciones, en la medida que el desarrollo de los hechos as\u00ed lo permite y de esta manera, afectar lo menos posible las labores de los mineros del sector\u00bb<\/p>\n\n\n\n<p>El comunicado concluye se\u00f1alando que la mesa directiva de la empresa refuerza que hoy la prioridad es la seguridad de cada uno de los trabajadores.<\/p>\n","protected":false},"excerpt":{"rendered":"<p>Hizo un llamado a la ciudadan\u00eda \u00aba cuidar la \u00fanica empresa del Estado de Chile dedicada al fomento de la peque\u00f1a y mediana miner\u00eda\u00bb. El&hellip; <\/p>\n","protected":false},"author":2,"featured_media":17561,"comment_status":"open","ping_status":"closed","sticky":false,"template":"","format":"standard","meta":{"footnotes":""},"categories":[7,34],"tags":[],"class_list":["post-17560","post","type-post","status-publish","format-standard","has-post-thumbnail","hentry","category-atacama","category-mineria"],"_links":{"self":[{"href":"https:\/\/www.radioamigavallenar.cl\/index.php?rest_route=\/wp\/v2\/posts\/17560","targetHints":{"allow":["GET"]}}],"collection":[{"href":"https:\/\/www.radioamigavallenar.cl\/index.php?rest_route=\/wp\/v2\/posts"}],"about":[{"href":"https:\/\/www.radioamigavallenar.cl\/index.php?rest_route=\/wp\/v2\/types\/post"}],"author":[{"embeddable":true,"href":"https:\/\/www.radioamigavallenar.cl\/index.php?rest_route=\/wp\/v2\/users\/2"}],"replies":[{"embeddable":true,"href":"https:\/\/www.radioamigavallenar.cl\/index.php?rest_route=%2Fwp%2Fv2%2Fcomments&post=17560"}],"version-history":[{"count":0,"href":"https:\/\/www.radioamigavallenar.cl\/index.php?rest_route=\/wp\/v2\/posts\/17560\/revisions"}],"wp:featuredmedia":[{"embeddable":true,"href":"https:\/\/www.radioamigavallenar.cl\/index.php?rest_route=\/wp\/v2\/media\/17561"}],"wp:attachment":[{"href":"https:\/\/www.radioamigavallenar.cl\/index.php?rest_route=%2Fwp%2Fv2%2Fmedia&parent=17560"}],"wp:term":[{"taxonomy":"category","embeddable":true,"href":"https:\/\/www.radioamigavallenar.cl\/index.php?rest_route=%2Fwp%2Fv2%2Fcategories&post=17560"},{"taxonomy":"post_tag","embeddable":true,"href":"https:\/\/www.radioamigavallenar.cl\/index.php?rest_route=%2Fwp%2Fv2%2Ftags&post=17560"}],"curies":[{"name":"wp","href":"https:\/\/api.w.org\/{rel}","templated":true}]}}