{"id":17555,"date":"2019-10-23T11:35:00","date_gmt":"2019-10-23T14:35:00","guid":{"rendered":"https:\/\/www.radioamigavallenar.cl\/?p=17555"},"modified":"2019-10-23T13:58:27","modified_gmt":"2019-10-23T16:58:27","slug":"aguas-chanar-informa-corte-de-agua-y-recuerda-fono-de-emergencia-en-atacama","status":"publish","type":"post","link":"https:\/\/www.radioamigavallenar.cl\/?p=17555","title":{"rendered":"Aguas Cha\u00f1ar informa corte de agua y recuerda fono de emergencia en Atacama"},"content":{"rendered":"\n<div class=\"wp-block-image\"><figure class=\"aligncenter\"><img loading=\"lazy\" decoding=\"async\" width=\"689\" height=\"458\" src=\"https:\/\/www.radioamigavallenar.cl\/wp-content\/uploads\/2019\/10\/AGUAS-CHANAR.png\" alt=\"\" class=\"wp-image-17556\" srcset=\"https:\/\/www.radioamigavallenar.cl\/wp-content\/uploads\/2019\/10\/AGUAS-CHANAR.png 689w, https:\/\/www.radioamigavallenar.cl\/wp-content\/uploads\/2019\/10\/AGUAS-CHANAR-300x199.png 300w\" sizes=\"auto, (max-width: 689px) 100vw, 689px\" \/><\/figure><\/div>\n\n\n\n<p><strong>La empresa se encuentra trabajando de forma normal, salvo su oficina comercial de Copiap\u00f3 la cual se encuentra con su atenci\u00f3n suspendida.<\/strong><\/p>\n\n\n\n<p>Aguas Cha\u00f1ar comunica que la ma\u00f1ana de hoy mi\u00e9rcoles 23 de octubre se produjo una rotura de matriz en Copiap\u00f3 provocando un corte no programado de suministro hasta las 14:30 hrs en calle Yumbell, abarcando el per\u00edmetro de las calles Yerbas Buenas a calle Alameda y Freire con Circunvalaci\u00f3n.<\/p>\n\n\n\n<p>Apenas se tom\u00f3 conocimiento de esta emergencia, comenzamos los trabajos de reposici\u00f3n de la infraestructura y esperamos tener reparado lo m\u00e1s pronto posible, en ese sentido, una vez repuesto el servicio, el agua presentar\u00e1 los primeros minutos turbiedad debido a estos trabajos y se recomienda esperar unos minutos mientras se normaliza el suministro.<\/p>\n\n\n\n<p>A su vez, se recuerda que se ha dispuesto de dos fonos fijos de emergencia para toda la regi\u00f3n de Atacama con tal de dar mayor celeridad a aquellas interrupciones de servicios. Estos n\u00fameros son 52 \u2013 2203279 y el 52 2203278 y se encarece que las personas que llamen a este servicio, sean efectivamente de situaciones de emergencias.<\/p>\n\n\n\n<p>Para otro tipo de consultas o dudas, est\u00e1 disponible el 600 520 6000, el cual es atendido por ejecutivas de la regi\u00f3n las 24 horas, por ende, puede llamar durante la jornada diurna o vespertina.<\/p>\n\n\n\n<p>Finalmente se desmiente cualquier tipo de corte por razonamiento h\u00eddrico, el cual a trav\u00e9s de redes sociales, se ha indicado que realizaremos un corte de agua. Este rumor se origin\u00f3 en las ciudades de Cha\u00f1aral y Caldera y d\u00eda lunes se propag\u00f3 a Vallenar ayer martes, en ese sentido se indica que el suministro de agua potable se encuentra totalmente garantizado y en estado normal<\/p>\n","protected":false},"excerpt":{"rendered":"<p>La empresa se encuentra trabajando de forma normal, salvo su oficina comercial de Copiap\u00f3 la cual se encuentra con su atenci\u00f3n suspendida. Aguas Cha\u00f1ar comunica&hellip; <\/p>\n","protected":false},"author":2,"featured_media":17556,"comment_status":"open","ping_status":"closed","sticky":false,"template":"","format":"standard","meta":{"footnotes":""},"categories":[7,1,2],"tags":[],"class_list":["post-17555","post","type-post","status-publish","format-standard","has-post-thumbnail","hentry","category-atacama","category-provincia-del-huasco-2","category-vallenar"],"_links":{"self":[{"href":"https:\/\/www.radioamigavallenar.cl\/index.php?rest_route=\/wp\/v2\/posts\/17555","targetHints":{"allow":["GET"]}}],"collection":[{"href":"https:\/\/www.radioamigavallenar.cl\/index.php?rest_route=\/wp\/v2\/posts"}],"about":[{"href":"https:\/\/www.radioamigavallenar.cl\/index.php?rest_route=\/wp\/v2\/types\/post"}],"author":[{"embeddable":true,"href":"https:\/\/www.radioamigavallenar.cl\/index.php?rest_route=\/wp\/v2\/users\/2"}],"replies":[{"embeddable":true,"href":"https:\/\/www.radioamigavallenar.cl\/index.php?rest_route=%2Fwp%2Fv2%2Fcomments&post=17555"}],"version-history":[{"count":0,"href":"https:\/\/www.radioamigavallenar.cl\/index.php?rest_route=\/wp\/v2\/posts\/17555\/revisions"}],"wp:featuredmedia":[{"embeddable":true,"href":"https:\/\/www.radioamigavallenar.cl\/index.php?rest_route=\/wp\/v2\/media\/17556"}],"wp:attachment":[{"href":"https:\/\/www.radioamigavallenar.cl\/index.php?rest_route=%2Fwp%2Fv2%2Fmedia&parent=17555"}],"wp:term":[{"taxonomy":"category","embeddable":true,"href":"https:\/\/www.radioamigavallenar.cl\/index.php?rest_route=%2Fwp%2Fv2%2Fcategories&post=17555"},{"taxonomy":"post_tag","embeddable":true,"href":"https:\/\/www.radioamigavallenar.cl\/index.php?rest_route=%2Fwp%2Fv2%2Ftags&post=17555"}],"curies":[{"name":"wp","href":"https:\/\/api.w.org\/{rel}","templated":true}]}}