{"id":17552,"date":"2019-10-23T11:03:44","date_gmt":"2019-10-23T14:03:44","guid":{"rendered":"https:\/\/www.radioamigavallenar.cl\/?p=17552"},"modified":"2019-10-23T11:03:45","modified_gmt":"2019-10-23T14:03:45","slug":"conaf-suspende-las-autorizaciones-de-aviso-de-quemas-agricolas-y-forestales-en-toda-la-region-de-atacama","status":"publish","type":"post","link":"https:\/\/www.radioamigavallenar.cl\/?p=17552","title":{"rendered":"Conaf suspende las autorizaciones de aviso de quemas agr\u00edcolas y forestales en toda la Regi\u00f3n de Atacama"},"content":{"rendered":"\n<figure class=\"wp-block-image\"><img loading=\"lazy\" decoding=\"async\" width=\"800\" height=\"438\" src=\"https:\/\/www.radioamigavallenar.cl\/wp-content\/uploads\/2019\/10\/quema-agricola-800x438.jpg\" alt=\"\" class=\"wp-image-17553\" srcset=\"https:\/\/www.radioamigavallenar.cl\/wp-content\/uploads\/2019\/10\/quema-agricola-800x438.jpg 800w, https:\/\/www.radioamigavallenar.cl\/wp-content\/uploads\/2019\/10\/quema-agricola-800x438-300x164.jpg 300w, https:\/\/www.radioamigavallenar.cl\/wp-content\/uploads\/2019\/10\/quema-agricola-800x438-768x420.jpg 768w\" sizes=\"auto, (max-width: 800px) 100vw, 800px\" \/><\/figure>\n\n\n\n<p>La Corporaci\u00f3n Nacional Forestal (Conaf) informa la suspensi\u00f3n de las quemas agr\u00edcolas y forestales para la Regi\u00f3n de Atacama hasta el 25 de octubre.<\/p>\n\n\n\n<p>En atenci\u00f3n a lo anterior el director de Conaf Atacama, H\u00e9ctor Soto Vera, se\u00f1al\u00f3 que \u201cel calendario de quemas para la regi\u00f3n de Atacama se modifica en virtud al an\u00e1lisis de las condiciones de peligrosidad en el corto y mediano plazo para el periodo de alta ocurrencia de incendios forestales, en el que se indica que desde el mes de septiembre de 2019 y hasta febrero de 2020, la proyecci\u00f3n muestra entre 0,25 y 2\u00b0C por sobre el promedio. Adem\u00e1s la alta ocurrencia de emergencias en estos d\u00edas\u201d.<\/p>\n\n\n\n<p>Por su parte el Secretario regional Ministerial de Agricultura, Patricio Araya Vargas inform\u00f3 que \u201ccreemos que al tomar esta decisi\u00f3n disminuimos las posibilidades de incendios, y de esta manera los bomberos puedan acudir a emergencias producidas al interior de la ciudad, ya sean accidentes automovil\u00edsticos o incendios y no a apagar pastizales en sectores rurales\u201d.<\/p>\n\n\n\n<p>Las autoridades del agro tambi\u00e9n recomiendan que en caso de ver alguna quema no autorizada, hay que llamar al 130 de Conaf o al 133 de Carabineros para denunciar.<\/p>\n\n\n\n<p>Los infractores se exponen desde 61 d\u00edas a tres a\u00f1os de c\u00e1rcel, o multas que van desde las 11 hasta las 50 Unidades Tributarias Mensuales, vale decir entre 490 mil y 2,5 millones de pesos.<\/p>\n","protected":false},"excerpt":{"rendered":"<p>La Corporaci\u00f3n Nacional Forestal (Conaf) informa la suspensi\u00f3n de las quemas agr\u00edcolas y forestales para la Regi\u00f3n de Atacama hasta el 25 de octubre. En&hellip; <\/p>\n","protected":false},"author":2,"featured_media":17553,"comment_status":"open","ping_status":"closed","sticky":false,"template":"","format":"standard","meta":{"footnotes":""},"categories":[7],"tags":[],"class_list":["post-17552","post","type-post","status-publish","format-standard","has-post-thumbnail","hentry","category-atacama"],"_links":{"self":[{"href":"https:\/\/www.radioamigavallenar.cl\/index.php?rest_route=\/wp\/v2\/posts\/17552","targetHints":{"allow":["GET"]}}],"collection":[{"href":"https:\/\/www.radioamigavallenar.cl\/index.php?rest_route=\/wp\/v2\/posts"}],"about":[{"href":"https:\/\/www.radioamigavallenar.cl\/index.php?rest_route=\/wp\/v2\/types\/post"}],"author":[{"embeddable":true,"href":"https:\/\/www.radioamigavallenar.cl\/index.php?rest_route=\/wp\/v2\/users\/2"}],"replies":[{"embeddable":true,"href":"https:\/\/www.radioamigavallenar.cl\/index.php?rest_route=%2Fwp%2Fv2%2Fcomments&post=17552"}],"version-history":[{"count":0,"href":"https:\/\/www.radioamigavallenar.cl\/index.php?rest_route=\/wp\/v2\/posts\/17552\/revisions"}],"wp:featuredmedia":[{"embeddable":true,"href":"https:\/\/www.radioamigavallenar.cl\/index.php?rest_route=\/wp\/v2\/media\/17553"}],"wp:attachment":[{"href":"https:\/\/www.radioamigavallenar.cl\/index.php?rest_route=%2Fwp%2Fv2%2Fmedia&parent=17552"}],"wp:term":[{"taxonomy":"category","embeddable":true,"href":"https:\/\/www.radioamigavallenar.cl\/index.php?rest_route=%2Fwp%2Fv2%2Fcategories&post=17552"},{"taxonomy":"post_tag","embeddable":true,"href":"https:\/\/www.radioamigavallenar.cl\/index.php?rest_route=%2Fwp%2Fv2%2Ftags&post=17552"}],"curies":[{"name":"wp","href":"https:\/\/api.w.org\/{rel}","templated":true}]}}