{"id":17549,"date":"2019-10-23T11:00:52","date_gmt":"2019-10-23T14:00:52","guid":{"rendered":"https:\/\/www.radioamigavallenar.cl\/?p=17549"},"modified":"2019-10-23T11:00:53","modified_gmt":"2019-10-23T14:00:53","slug":"diputada-cicardini-hace-5-anos-he-apoyado-rebaja-de-dieta-parlamentaria","status":"publish","type":"post","link":"https:\/\/www.radioamigavallenar.cl\/?p=17549","title":{"rendered":"Diputada Cicardini: \u201cHace 5 a\u00f1os he apoyado rebaja de Dieta Parlamentaria\u201d"},"content":{"rendered":"\n<figure class=\"wp-block-image\"><img loading=\"lazy\" decoding=\"async\" width=\"750\" height=\"400\" src=\"https:\/\/www.radioamigavallenar.cl\/wp-content\/uploads\/2019\/10\/daniela-cicardini.jpg\" alt=\"\" class=\"wp-image-17550\" srcset=\"https:\/\/www.radioamigavallenar.cl\/wp-content\/uploads\/2019\/10\/daniela-cicardini.jpg 750w, https:\/\/www.radioamigavallenar.cl\/wp-content\/uploads\/2019\/10\/daniela-cicardini-300x160.jpg 300w\" sizes=\"auto, (max-width: 750px) 100vw, 750px\" \/><\/figure>\n\n\n\n<p>Parlamentaria record\u00f3 votaci\u00f3n sobre el tema en 2018, e indic\u00f3 que si bien la medida no resuelve la desigualdad y deber ir acompa\u00f1ada de otras acciones de fondo, \u201ces un gesto importante y en sinton\u00eda con el resto de demandas de la gente al sistema pol\u00edtico\u201d.<\/p>\n\n\n\n<p>Su total apoyo y voluntad de avanzar en la necesidad de rebajar la Dieta Parlamentaria, \u201ccomo una primera se\u00f1al de nosotros como parlamentarios de que hemos escuchado el mensaje de la ciudadan\u00eda\u201d, manifest\u00f3 la diputada por Atacama, Daniella Cicardini.<\/p>\n\n\n\n<p>La legisladora indic\u00f3 que \u201chubiese querido que di\u00e9ramos este debate mucho antes, porque he apoyado esta iniciativa hace ya 5 a\u00f1os, y el a\u00f1o pasado todos pueden ver que vot\u00e9 a favor del proyecto de acuerdo que le ped\u00eda al Presidente darle urgencia a la reforma constitucional que permite esa rebaja, lo que finalmente no ocurri\u00f3\u201d, se\u00f1al\u00f3 Cicardini, en alusi\u00f3n a una votaci\u00f3n en la C\u00e1mara en junio de 2018.<\/p>\n\n\n\n<p>\u201cSin embargo, yo espero que hoy, cuando la ciudadan\u00eda ha hablado fuerte y claro, y todav\u00eda est\u00e1 hablando y manifest\u00e1ndose en las calles de nuestro pa\u00eds y en las comunas de la regi\u00f3n de Atacama, yo llamo a que como parlamentarios seamos capaces de estar a la altura y demostrar que hemos escuchado, apoyando la rebaja de la dieta y de los grandes sueldos p\u00fablicos, y avanzando en el sentido de una mayor equidad en nuestro pa\u00eds\u201d, declar\u00f3.<\/p>\n\n\n\n<p>En esa l\u00ednea, Cicardini valor\u00f3 que algunos parlamentarios de gobierno hayan cambiado su disposici\u00f3n en el tema y que este martes se haya retomado la discusi\u00f3n y aprobado en general la propuesta en la Comisi\u00f3n de Constituci\u00f3n de la C\u00e1mara de Diputados. Asimismo, si bien se mostr\u00f3 de acuerdo con el anuncio del presidente de una iniciativa hacia el mismo objetivo, se\u00f1al\u00f3 que \u201cuna vez m\u00e1s llega tarde\u201d.<\/p>\n\n\n\n<p>La parlamentaria reconoci\u00f3, no obstante, que la rebaja de la dieta \u201ces solo una se\u00f1al simb\u00f3lica, muy importante y que tiene que darse, pero que sin duda no resuelve para nada las demandas de fondo de la ciudadan\u00eda por m\u00e1s justicia, por m\u00e1s derechos e igualdad, y por el fin a los abusos que han detonado esta crisis que viene acumul\u00e1ndose por d\u00e9cadas\u201d, subray\u00f3.<\/p>\n\n\n\n<p>En ese sentido, la diputada Cicardini profundiz\u00f3 que \u201cac\u00e1 debemos avanzar r\u00e1pidamente por un lado en medidas de corto y mediano plazo, como detener la reforma tributaria del gobierno que favorece a los m\u00e1s ricos, el aumento a las pensiones, el subsidio al transporte en regiones y a los adultos mayores, el aumento del sueldo m\u00ednimo, las cuentas de luz, el tema del agua y el acceso a los medicamentos y las urgencias en salud, y muchos otros\u201d.<\/p>\n\n\n\n<p>\u201cPero al mismo tiempo, tenemos tambi\u00e9n que convocar a una mesa amplia con todos los sectores pol\u00edticos, y sobre todo ciudadanos y organizaciones sociales y de base, para construir un acuerdo amplio para un nuevo pacto social basado en m\u00e1s igualdad, y en aspectos tan importantes como la descentralizaci\u00f3n, Educaci\u00f3n, fin a las AFPs, el cambio al c\u00f3digo de aguas, a trav\u00e9s de una asamblea constituyente y una nueva constituci\u00f3n, entre otras medidas mucho m\u00e1s de fondo\u201d, indic\u00f3 Cicardini.<\/p>\n","protected":false},"excerpt":{"rendered":"<p>Parlamentaria record\u00f3 votaci\u00f3n sobre el tema en 2018, e indic\u00f3 que si bien la medida no resuelve la desigualdad y deber ir acompa\u00f1ada de otras&hellip; <\/p>\n","protected":false},"author":2,"featured_media":17550,"comment_status":"open","ping_status":"closed","sticky":false,"template":"","format":"standard","meta":{"footnotes":""},"categories":[7],"tags":[],"class_list":["post-17549","post","type-post","status-publish","format-standard","has-post-thumbnail","hentry","category-atacama"],"_links":{"self":[{"href":"https:\/\/www.radioamigavallenar.cl\/index.php?rest_route=\/wp\/v2\/posts\/17549","targetHints":{"allow":["GET"]}}],"collection":[{"href":"https:\/\/www.radioamigavallenar.cl\/index.php?rest_route=\/wp\/v2\/posts"}],"about":[{"href":"https:\/\/www.radioamigavallenar.cl\/index.php?rest_route=\/wp\/v2\/types\/post"}],"author":[{"embeddable":true,"href":"https:\/\/www.radioamigavallenar.cl\/index.php?rest_route=\/wp\/v2\/users\/2"}],"replies":[{"embeddable":true,"href":"https:\/\/www.radioamigavallenar.cl\/index.php?rest_route=%2Fwp%2Fv2%2Fcomments&post=17549"}],"version-history":[{"count":0,"href":"https:\/\/www.radioamigavallenar.cl\/index.php?rest_route=\/wp\/v2\/posts\/17549\/revisions"}],"wp:featuredmedia":[{"embeddable":true,"href":"https:\/\/www.radioamigavallenar.cl\/index.php?rest_route=\/wp\/v2\/media\/17550"}],"wp:attachment":[{"href":"https:\/\/www.radioamigavallenar.cl\/index.php?rest_route=%2Fwp%2Fv2%2Fmedia&parent=17549"}],"wp:term":[{"taxonomy":"category","embeddable":true,"href":"https:\/\/www.radioamigavallenar.cl\/index.php?rest_route=%2Fwp%2Fv2%2Fcategories&post=17549"},{"taxonomy":"post_tag","embeddable":true,"href":"https:\/\/www.radioamigavallenar.cl\/index.php?rest_route=%2Fwp%2Fv2%2Ftags&post=17549"}],"curies":[{"name":"wp","href":"https:\/\/api.w.org\/{rel}","templated":true}]}}