{"id":17539,"date":"2019-10-23T00:00:19","date_gmt":"2019-10-23T03:00:19","guid":{"rendered":"https:\/\/www.radioamigavallenar.cl\/?p=17539"},"modified":"2019-10-23T11:46:44","modified_gmt":"2019-10-23T14:46:44","slug":"pinera-presento-agenda-social-para-enfrentar-crisis-ingreso-minimo-garantizado-entre-las-medidas","status":"publish","type":"post","link":"https:\/\/www.radioamigavallenar.cl\/?p=17539","title":{"rendered":"Pi\u00f1era present\u00f3 agenda social para enfrentar crisis: Ingreso M\u00ednimo Garantizado entre las medidas"},"content":{"rendered":"\n<figure class=\"wp-block-image\"><img loading=\"lazy\" decoding=\"async\" width=\"770\" height=\"450\" src=\"https:\/\/www.radioamigavallenar.cl\/wp-content\/uploads\/2019\/10\/3969708_n_vir3.jpg\" alt=\"\" class=\"wp-image-17540\" srcset=\"https:\/\/www.radioamigavallenar.cl\/wp-content\/uploads\/2019\/10\/3969708_n_vir3.jpg 770w, https:\/\/www.radioamigavallenar.cl\/wp-content\/uploads\/2019\/10\/3969708_n_vir3-300x175.jpg 300w, https:\/\/www.radioamigavallenar.cl\/wp-content\/uploads\/2019\/10\/3969708_n_vir3-768x449.jpg 768w\" sizes=\"auto, (max-width: 770px) 100vw, 770px\" \/><\/figure>\n\n\n\n<p> El\u00a0Presidente Sebasti\u00e1n Pi\u00f1era<strong>\u00a0<\/strong>dio a conocer la agenda social con la bater\u00eda de iniciativas, luego de los d\u00edas de manifestaciones a lo largo del pa\u00eds.<\/p>\n\n\n\n<p>Adem\u00e1s de informar que las l\u00edneas 3 y 6 del Metro, revel\u00f3 algunos puntos clave de las medidas que se implementar\u00e1 de ahora en adelante.<\/p>\n\n\n\n<p>En primera instancia,\u00a0se\u00f1al\u00f3 que habr\u00e1 un aumento inmediato del 20% de la Pensi\u00f3n B\u00e1sica Solidaria, adem\u00e1s de un 20% del Aporte Previsional Solidario.<\/p>\n\n\n\n<p>Acerca de salud, dispondr\u00e1 urgencia al Proyecto de Ley que crea el Seguro de Enfermedades Catastr\u00f3ficas, de forma de\u00a0\u00abasegurar un techo al gasto de salud de las familias\u00bb. Adem\u00e1s, se crear\u00e1 un seguro que cubra parte del gasto en medicamentos y la ampliaci\u00f3n del convenio de Fonasa con farmacias.<\/p>\n\n\n\n<p>Por otro lado, se crear\u00e1 un \u00abIngreso M\u00ednimo Garantizado de $350 mil, para todos los trabajadores con jornada completa que complementan el salario de los trabajadores a jornada completa, cuando sea inferior a los $350 mil\u00bb.<\/p>\n\n\n\n<p>En cuanto a las tarifas el\u00e9ctricas,\u00a0se crear\u00e1 un mecanismo de estabilizaci\u00f3n de las tarifas el\u00e9ctricas, para as\u00ed anular el alza de 9,2% de la electricidad.<\/p>\n\n\n\n<p>Tambi\u00e9n, se crear\u00e1 un nuevo tramo en el Impuesto Global Complementario de 40% para las rentas superiores a los $8 millones mensuales, lo que aumentar\u00e1 la recaudaci\u00f3n tributaria en USD$ 160 MM.<\/p>\n\n\n\n<p>Adem\u00e1s,\u00a0se implementar\u00e1 la Defensor\u00eda de las v\u00edctimas, para fortalecer la defensa jur\u00eddica y apoyo social; as\u00ed como de paso una mayor equidad entre comunas de altos y bajos ingresos.<\/p>\n\n\n\n<p>Finalmente,\u00a0se reducir\u00e1n las dietas de los parlamentarios y los altos sueldos de la administraci\u00f3n p\u00fablica, algo que ya hab\u00eda anunciado previamente (como por ejemplo la reducci\u00f3n del n\u00famero de parlamentarios) y se solicitar\u00e1 la aprobaci\u00f3n de diversos proyectos.<\/p>\n\n\n\n<p>Vale se\u00f1alar, adem\u00e1s, que Pi\u00f1era reconoci\u00f3 que todos quieren finalizar con los toques de queda, pero que el Estado de Sitio se levantar\u00e1\u00a0cuando se tengan seguridades de que el orden p\u00fablico y la protecci\u00f3n de los bienes est\u00e9n debidamente resguardados<strong>.\u00a0<\/strong>Adem\u00e1s, pidi\u00f3 perd\u00f3n a los compatriotas por su falta de visi\u00f3n. <\/p>\n","protected":false},"excerpt":{"rendered":"<p>El\u00a0Presidente Sebasti\u00e1n Pi\u00f1era\u00a0dio a conocer la agenda social con la bater\u00eda de iniciativas, luego de los d\u00edas de manifestaciones a lo largo del pa\u00eds. Adem\u00e1s&hellip; <\/p>\n","protected":false},"author":2,"featured_media":17540,"comment_status":"open","ping_status":"closed","sticky":false,"template":"","format":"standard","meta":{"footnotes":""},"categories":[7,37],"tags":[],"class_list":["post-17539","post","type-post","status-publish","format-standard","has-post-thumbnail","hentry","category-atacama","category-nacional"],"_links":{"self":[{"href":"https:\/\/www.radioamigavallenar.cl\/index.php?rest_route=\/wp\/v2\/posts\/17539","targetHints":{"allow":["GET"]}}],"collection":[{"href":"https:\/\/www.radioamigavallenar.cl\/index.php?rest_route=\/wp\/v2\/posts"}],"about":[{"href":"https:\/\/www.radioamigavallenar.cl\/index.php?rest_route=\/wp\/v2\/types\/post"}],"author":[{"embeddable":true,"href":"https:\/\/www.radioamigavallenar.cl\/index.php?rest_route=\/wp\/v2\/users\/2"}],"replies":[{"embeddable":true,"href":"https:\/\/www.radioamigavallenar.cl\/index.php?rest_route=%2Fwp%2Fv2%2Fcomments&post=17539"}],"version-history":[{"count":0,"href":"https:\/\/www.radioamigavallenar.cl\/index.php?rest_route=\/wp\/v2\/posts\/17539\/revisions"}],"wp:featuredmedia":[{"embeddable":true,"href":"https:\/\/www.radioamigavallenar.cl\/index.php?rest_route=\/wp\/v2\/media\/17540"}],"wp:attachment":[{"href":"https:\/\/www.radioamigavallenar.cl\/index.php?rest_route=%2Fwp%2Fv2%2Fmedia&parent=17539"}],"wp:term":[{"taxonomy":"category","embeddable":true,"href":"https:\/\/www.radioamigavallenar.cl\/index.php?rest_route=%2Fwp%2Fv2%2Fcategories&post=17539"},{"taxonomy":"post_tag","embeddable":true,"href":"https:\/\/www.radioamigavallenar.cl\/index.php?rest_route=%2Fwp%2Fv2%2Ftags&post=17539"}],"curies":[{"name":"wp","href":"https:\/\/api.w.org\/{rel}","templated":true}]}}