{"id":17536,"date":"2019-10-23T00:00:02","date_gmt":"2019-10-23T03:00:02","guid":{"rendered":"https:\/\/www.radioamigavallenar.cl\/?p=17536"},"modified":"2019-10-22T21:56:35","modified_gmt":"2019-10-23T00:56:35","slug":"senadora-yasna-provoste-emplazo-al-gobierno-por-muertes-en-manifestaciones","status":"publish","type":"post","link":"https:\/\/www.radioamigavallenar.cl\/?p=17536","title":{"rendered":"Senadora Yasna Provoste emplaz\u00f3 al Gobierno por muertes en manifestaciones"},"content":{"rendered":"\n<figure class=\"wp-block-image\"><img loading=\"lazy\" decoding=\"async\" width=\"1024\" height=\"768\" src=\"https:\/\/www.radioamigavallenar.cl\/wp-content\/uploads\/2019\/10\/IMG_5699-1024x768-1024x768.jpg\" alt=\"\" class=\"wp-image-17537\" srcset=\"https:\/\/www.radioamigavallenar.cl\/wp-content\/uploads\/2019\/10\/IMG_5699-1024x768.jpg 1024w, https:\/\/www.radioamigavallenar.cl\/wp-content\/uploads\/2019\/10\/IMG_5699-1024x768-300x225.jpg 300w, https:\/\/www.radioamigavallenar.cl\/wp-content\/uploads\/2019\/10\/IMG_5699-1024x768-768x576.jpg 768w\" sizes=\"auto, (max-width: 1024px) 100vw, 1024px\" \/><\/figure>\n\n\n\n<p><strong><em>La jefa de bancada de los senadores DC pidi\u00f3 citar a la comisi\u00f3n de DD.HH. al ministro del Interior, a los encargados de los Estados de Emergencia en el pa\u00eds y a la Defensora de la Ni\u00f1ez.<\/em><\/strong><\/p>\n\n\n\n<p>La jefa de bancada de los senadores DC, Yasna Provoste,&nbsp;<strong>pidi\u00f3 citar a la comisi\u00f3n de Derechos Humanos al Ministerio del Interior, Andr\u00e9s Chadwick, a los encargados de los Estados de Emergencia en el pa\u00eds y a la Defensora de la Ni\u00f1ez, por las muertes registradas en manifestaciones de los \u00faltimos d\u00edas y las violaciones de derechos humanos en registradas en detenciones<\/strong>.<\/p>\n\n\n\n<p>Provoste afirm\u00f3 que \u00abesta comisi\u00f3n hoy tiene un papel m\u00e1s importante que nunca. Las medidas que ha ido tomando el gobierno del presidente Pi\u00f1era&nbsp;<strong>no solo ponen en juego la calidad de la democracia, porque el efecto de sus declaraciones, el efecto de sus pol\u00edticas, claramente ha sido nefasto. Y no puede tener otro nombre despu\u00e9s de la cantidad de personas que han perdido la vida en estas manifestaciones y otras tantas que se encuentra en riesgo vital<\/strong>\u00ab.<\/p>\n\n\n\n<p>Asimismo, la parlamentaria aclar\u00f3 que el Instituto Nacional de Derechos Humanos (INDH) est\u00e1 trabajando para que nunca m\u00e1s se repita lo que se vivi\u00f3 en la dictadura.<\/p>\n\n\n\n<p>\u00ab<strong>Llama la atenci\u00f3n la ausencia de la derecha en esta comisi\u00f3n, no est\u00e1n los senadores Felipe Kast ni la senadora Jaqueline Van Rysselberghe, que forman parte de esta comisi\u00f3n<\/strong>. Justo hoy d\u00eda cuando el respeto de los DD.HH. debe ser una preocupaci\u00f3n de todos y de todas. Porque si no es as\u00ed. No se aprendi\u00f3 nada de lo que vivimos en dictadura\u00bb, agreg\u00f3.<\/p>\n\n\n\n<p>Provoste sostuvo que \u00abel INDH debe jugar un rol importante, pero la comisi\u00f3n del Senado tambi\u00e9n, porque el dolor de tantos y de tantas, nos obliga a&nbsp;<strong>redoblar el trabajo por una sociedad que se base en el respeto de los derechos de todos, a lo largo de todo el territorio, en donde la valoraci\u00f3n de las libertades personales se expresa con m\u00e1s fuerza que nunca<\/strong>\u00ab.<\/p>\n\n\n\n<p>De igual manera, la senadora DC puntualiz\u00f3 que es fundamental que esta comisi\u00f3n redoble su trabajo, que se solicite se entregue por parte del Ministerio del Interior las causas que han rodeado las muertes de personas en estas manifestaciones.<\/p>\n\n\n\n<p>Por lo mismo, recalc\u00f3 que se debe citar a los responsables de los estados de Emergencia en las distintas regiones, para que esta comisi\u00f3n acompa\u00f1e el trabajo del INDH.<\/p>\n\n\n\n<p>\u00ab<strong>Queremos saber d\u00f3nde han llevado a las personas que ha detenido, cu\u00e1nto tiempo han estado detenidas, y que tipo de armamento que est\u00e1n usando. Y sabe cu\u00e1l es la diferencia que cuando en dictadura comet\u00edan estos horrores, no exist\u00eda esta comisi\u00f3n, no exist\u00eda el Instituto de Derechos Humanos<\/strong>. Pero hoy d\u00eda las condiciones han cambiado y por lo tanto, esta comisi\u00f3n tiene que jugar un rol en la defensa y respeto de los derechos humanos y cuidar la vida de nuestros compatriotas\u00bb, enfatiz\u00f3 la senadora DC.<\/p>\n\n\n\n<p>En esa l\u00ednea, la legisladora coment\u00f3 que es importante que\u00a0se cite a la Defensora de la Ni\u00f1ez, ya que entre los detenidos, seg\u00fan el INDH, hay ni\u00f1os, ni\u00f1as y adolescentes en Santiago y regiones.<\/p>\n","protected":false},"excerpt":{"rendered":"<p>La jefa de bancada de los senadores DC pidi\u00f3 citar a la comisi\u00f3n de DD.HH. al ministro del Interior, a los encargados de los Estados&hellip; <\/p>\n","protected":false},"author":2,"featured_media":17537,"comment_status":"open","ping_status":"closed","sticky":false,"template":"","format":"standard","meta":{"footnotes":""},"categories":[7,37],"tags":[],"class_list":["post-17536","post","type-post","status-publish","format-standard","has-post-thumbnail","hentry","category-atacama","category-nacional"],"_links":{"self":[{"href":"https:\/\/www.radioamigavallenar.cl\/index.php?rest_route=\/wp\/v2\/posts\/17536","targetHints":{"allow":["GET"]}}],"collection":[{"href":"https:\/\/www.radioamigavallenar.cl\/index.php?rest_route=\/wp\/v2\/posts"}],"about":[{"href":"https:\/\/www.radioamigavallenar.cl\/index.php?rest_route=\/wp\/v2\/types\/post"}],"author":[{"embeddable":true,"href":"https:\/\/www.radioamigavallenar.cl\/index.php?rest_route=\/wp\/v2\/users\/2"}],"replies":[{"embeddable":true,"href":"https:\/\/www.radioamigavallenar.cl\/index.php?rest_route=%2Fwp%2Fv2%2Fcomments&post=17536"}],"version-history":[{"count":0,"href":"https:\/\/www.radioamigavallenar.cl\/index.php?rest_route=\/wp\/v2\/posts\/17536\/revisions"}],"wp:featuredmedia":[{"embeddable":true,"href":"https:\/\/www.radioamigavallenar.cl\/index.php?rest_route=\/wp\/v2\/media\/17537"}],"wp:attachment":[{"href":"https:\/\/www.radioamigavallenar.cl\/index.php?rest_route=%2Fwp%2Fv2%2Fmedia&parent=17536"}],"wp:term":[{"taxonomy":"category","embeddable":true,"href":"https:\/\/www.radioamigavallenar.cl\/index.php?rest_route=%2Fwp%2Fv2%2Fcategories&post=17536"},{"taxonomy":"post_tag","embeddable":true,"href":"https:\/\/www.radioamigavallenar.cl\/index.php?rest_route=%2Fwp%2Fv2%2Ftags&post=17536"}],"curies":[{"name":"wp","href":"https:\/\/api.w.org\/{rel}","templated":true}]}}