{"id":17524,"date":"2019-10-22T19:57:26","date_gmt":"2019-10-22T22:57:26","guid":{"rendered":"https:\/\/www.radioamigavallenar.cl\/?p=17524"},"modified":"2019-10-22T19:57:27","modified_gmt":"2019-10-22T22:57:27","slug":"fiscalia-de-atacama-coordina-trabajo-frente-a-comision-de-delitos-producto-de-manifestaciones","status":"publish","type":"post","link":"https:\/\/www.radioamigavallenar.cl\/?p=17524","title":{"rendered":"Fiscal\u00eda de Atacama coordina trabajo frente a comisi\u00f3n de delitos producto de manifestaciones"},"content":{"rendered":"\n<figure class=\"wp-block-image\"><img loading=\"lazy\" decoding=\"async\" width=\"758\" height=\"510\" src=\"https:\/\/www.radioamigavallenar.cl\/wp-content\/uploads\/2019\/10\/fisclaia-reunion.png\" alt=\"\" class=\"wp-image-17525\" srcset=\"https:\/\/www.radioamigavallenar.cl\/wp-content\/uploads\/2019\/10\/fisclaia-reunion.png 758w, https:\/\/www.radioamigavallenar.cl\/wp-content\/uploads\/2019\/10\/fisclaia-reunion-300x202.png 300w\" sizes=\"auto, (max-width: 758px) 100vw, 758px\" \/><\/figure>\n\n\n\n<p><strong>Alexis Rogat Lucero manifest\u00f3 que la instituci\u00f3n mantiene sus funciones habituales frente a las detenciones producto de las jornadas de protesta ocurridas en la regi\u00f3n.<\/strong><\/p>\n\n\n\n<p>El Fiscal Regional de Atacama, Alexis Rogat Lucero, inform\u00f3 que las funciones institucionales se han mantenido inalterables durante todos estos d\u00edas en que el pa\u00eds y la regi\u00f3n han sido escenario de manifestaciones en que algunas personas han cometido delitos de car\u00e1cter penal.<\/p>\n\n\n\n<p>Respecto de la funci\u00f3n investigativa en Atacama, indic\u00f3 que los Fiscales y Funcionarios han debido redoblar esfuerzos para asumir el alto n\u00famero de audiencias de control de detenci\u00f3n, especialmente en la comuna de Copiap\u00f3 en que se han registrado diversas detenciones por il\u00edcitos cometidos en el marco de des\u00f3rdenes p\u00fablicos, hurtos, robos y otros. Esto como parte de los desmanes y saqueos detectados en tiendas y supermercados especialmente en Copiap\u00f3 y Caldera.<\/p>\n\n\n\n<p>\u201cLa Fiscal\u00eda de Atacama hace un llamado a la comunidad regional a mantener acciones de autocuidado frente a la actual situaci\u00f3n que se vive en el pa\u00eds y en las comunas de la regi\u00f3n. La ciudadan\u00eda debe estar tranquila, ya que la persecuci\u00f3n penal a las personas que cometan delitos a partir de las manifestaciones y protestas se est\u00e1 desarrollando tal y como lo indica la Ley\u201d, dijo Rogat.<\/p>\n\n\n\n<p>Respecto del balance regional indic\u00f3 que las detenciones producto de incidentes se han concretado principalmente en las comunas de Copiap\u00f3 y Caldera, cuyo n\u00famero ha sido variable debido a las distintas horas en que se generan los procedimientos. Agregando que se han dispuesto funciones especiales de los Fiscales adjuntos, quienes deben asumir el alto n\u00famero de formalizaciones que se han desarrollado durante la semana en los Juzgados de Garant\u00eda. Agregando que el trabajo de atenci\u00f3n a v\u00edctimas y recepci\u00f3n de denuncias en las oficinas de las seis Fiscal\u00edas Locales de la regi\u00f3n no se ha suspendido y se mantendr\u00e1 operativo.<\/p>\n\n\n\n<p>Alexis Rogat indic\u00f3 que en relaci\u00f3n a los delitos cometidos, \u00e9stos han sido en su mayor\u00eda des\u00f3rdenes p\u00fablicos, robos en lugar no habitado y hurtos, adem\u00e1s de algunos portes de arma blanca.<\/p>\n\n\n\n<p>ESTADO EXCEPCI\u00d3N<\/p>\n\n\n\n<p>En relaci\u00f3n al Estado de Excepci\u00f3n decretado para las comunas de Copiap\u00f3, Vallenar y Caldera; indic\u00f3 que bajo este contexto la funci\u00f3n de la Fiscal\u00eda se mantiene sin modificaciones y, de acuerdo a su mandato constitucional, es el Ministerio P\u00fablico el organismo encargado de la direcci\u00f3n e indagaci\u00f3n de los delitos que se cometan, adem\u00e1s de ordenar las instrucciones respectivas a ambas polic\u00edas frente a las investigaciones que se lleven a cabo.<\/p>\n\n\n\n<p>\u201cCon motivo del Estado de Emergencia hemos sostenido reuniones de coordinaci\u00f3n con todos los Fiscales de las comunas involucradas, adem\u00e1s de Abogados Asesores de la Fiscal\u00eda Regional con la finalidad de definir criterios de actuaci\u00f3n y verificar que se cumplan los requisitos legales para la detenci\u00f3n de imputados\u201d, concluy\u00f3.<\/p>\n","protected":false},"excerpt":{"rendered":"<p>Alexis Rogat Lucero manifest\u00f3 que la instituci\u00f3n mantiene sus funciones habituales frente a las detenciones producto de las jornadas de protesta ocurridas en la regi\u00f3n.&hellip; <\/p>\n","protected":false},"author":2,"featured_media":17525,"comment_status":"open","ping_status":"closed","sticky":false,"template":"","format":"standard","meta":{"footnotes":""},"categories":[7],"tags":[],"class_list":["post-17524","post","type-post","status-publish","format-standard","has-post-thumbnail","hentry","category-atacama"],"_links":{"self":[{"href":"https:\/\/www.radioamigavallenar.cl\/index.php?rest_route=\/wp\/v2\/posts\/17524","targetHints":{"allow":["GET"]}}],"collection":[{"href":"https:\/\/www.radioamigavallenar.cl\/index.php?rest_route=\/wp\/v2\/posts"}],"about":[{"href":"https:\/\/www.radioamigavallenar.cl\/index.php?rest_route=\/wp\/v2\/types\/post"}],"author":[{"embeddable":true,"href":"https:\/\/www.radioamigavallenar.cl\/index.php?rest_route=\/wp\/v2\/users\/2"}],"replies":[{"embeddable":true,"href":"https:\/\/www.radioamigavallenar.cl\/index.php?rest_route=%2Fwp%2Fv2%2Fcomments&post=17524"}],"version-history":[{"count":0,"href":"https:\/\/www.radioamigavallenar.cl\/index.php?rest_route=\/wp\/v2\/posts\/17524\/revisions"}],"wp:featuredmedia":[{"embeddable":true,"href":"https:\/\/www.radioamigavallenar.cl\/index.php?rest_route=\/wp\/v2\/media\/17525"}],"wp:attachment":[{"href":"https:\/\/www.radioamigavallenar.cl\/index.php?rest_route=%2Fwp%2Fv2%2Fmedia&parent=17524"}],"wp:term":[{"taxonomy":"category","embeddable":true,"href":"https:\/\/www.radioamigavallenar.cl\/index.php?rest_route=%2Fwp%2Fv2%2Fcategories&post=17524"},{"taxonomy":"post_tag","embeddable":true,"href":"https:\/\/www.radioamigavallenar.cl\/index.php?rest_route=%2Fwp%2Fv2%2Ftags&post=17524"}],"curies":[{"name":"wp","href":"https:\/\/api.w.org\/{rel}","templated":true}]}}