{"id":17521,"date":"2019-10-22T19:53:02","date_gmt":"2019-10-22T22:53:02","guid":{"rendered":"https:\/\/www.radioamigavallenar.cl\/?p=17521"},"modified":"2019-10-22T19:53:03","modified_gmt":"2019-10-22T22:53:03","slug":"se-suspende-toque-de-queda-en-vallenar","status":"publish","type":"post","link":"https:\/\/www.radioamigavallenar.cl\/?p=17521","title":{"rendered":"Se suspende toque de queda en Vallenar"},"content":{"rendered":"\n<figure class=\"wp-block-image\"><img loading=\"lazy\" decoding=\"async\" width=\"800\" height=\"533\" src=\"https:\/\/www.radioamigavallenar.cl\/wp-content\/uploads\/2019\/10\/JEFE-NACIONAL-COPIAPO.jpg\" alt=\"\" class=\"wp-image-17516\" srcset=\"https:\/\/www.radioamigavallenar.cl\/wp-content\/uploads\/2019\/10\/JEFE-NACIONAL-COPIAPO.jpg 800w, https:\/\/www.radioamigavallenar.cl\/wp-content\/uploads\/2019\/10\/JEFE-NACIONAL-COPIAPO-300x200.jpg 300w, https:\/\/www.radioamigavallenar.cl\/wp-content\/uploads\/2019\/10\/JEFE-NACIONAL-COPIAPO-768x512.jpg 768w\" sizes=\"auto, (max-width: 800px) 100vw, 800px\" \/><\/figure>\n\n\n\n<p>As\u00ed lo inform\u00f3 el capit\u00e1n, Jaime Tapia de la Barra, ayudante de la jefatura de la defensa nacional de la regi\u00f3n de Atacama y encargado de las comunicaciones del ejercito.<\/p>\n\n\n\n<p>En horas de esta tarde, el jefe de la defensa nacional, comandante en jefe de la 1ra divisi\u00f3n del ejercito, General Brigadier, Rodrigo Valdivia, instruy\u00f3 el levantamiento de estado de emergencia para la ciudad de Vallenar que estaba contemplada para las 20:00 horas.<\/p>\n\n\n\n<p>Concluir que la decisi\u00f3n de decretar Toque de queda, es una decisi\u00f3n que se toma diariamente de acuerdo a los acontecimientos ocurridos durante la jornada.<\/p>\n","protected":false},"excerpt":{"rendered":"<p>As\u00ed lo inform\u00f3 el capit\u00e1n, Jaime Tapia de la Barra, ayudante de la jefatura de la defensa nacional de la regi\u00f3n de Atacama y encargado&hellip; <\/p>\n","protected":false},"author":2,"featured_media":17516,"comment_status":"open","ping_status":"closed","sticky":false,"template":"","format":"standard","meta":{"footnotes":""},"categories":[1,2],"tags":[],"class_list":["post-17521","post","type-post","status-publish","format-standard","has-post-thumbnail","hentry","category-provincia-del-huasco-2","category-vallenar"],"_links":{"self":[{"href":"https:\/\/www.radioamigavallenar.cl\/index.php?rest_route=\/wp\/v2\/posts\/17521","targetHints":{"allow":["GET"]}}],"collection":[{"href":"https:\/\/www.radioamigavallenar.cl\/index.php?rest_route=\/wp\/v2\/posts"}],"about":[{"href":"https:\/\/www.radioamigavallenar.cl\/index.php?rest_route=\/wp\/v2\/types\/post"}],"author":[{"embeddable":true,"href":"https:\/\/www.radioamigavallenar.cl\/index.php?rest_route=\/wp\/v2\/users\/2"}],"replies":[{"embeddable":true,"href":"https:\/\/www.radioamigavallenar.cl\/index.php?rest_route=%2Fwp%2Fv2%2Fcomments&post=17521"}],"version-history":[{"count":0,"href":"https:\/\/www.radioamigavallenar.cl\/index.php?rest_route=\/wp\/v2\/posts\/17521\/revisions"}],"wp:featuredmedia":[{"embeddable":true,"href":"https:\/\/www.radioamigavallenar.cl\/index.php?rest_route=\/wp\/v2\/media\/17516"}],"wp:attachment":[{"href":"https:\/\/www.radioamigavallenar.cl\/index.php?rest_route=%2Fwp%2Fv2%2Fmedia&parent=17521"}],"wp:term":[{"taxonomy":"category","embeddable":true,"href":"https:\/\/www.radioamigavallenar.cl\/index.php?rest_route=%2Fwp%2Fv2%2Fcategories&post=17521"},{"taxonomy":"post_tag","embeddable":true,"href":"https:\/\/www.radioamigavallenar.cl\/index.php?rest_route=%2Fwp%2Fv2%2Ftags&post=17521"}],"curies":[{"name":"wp","href":"https:\/\/api.w.org\/{rel}","templated":true}]}}