{"id":17518,"date":"2019-10-22T19:51:41","date_gmt":"2019-10-22T22:51:41","guid":{"rendered":"https:\/\/www.radioamigavallenar.cl\/?p=17518"},"modified":"2019-10-22T19:53:56","modified_gmt":"2019-10-22T22:53:56","slug":"levantan-toque-de-queda-en-vallenar","status":"publish","type":"post","link":"https:\/\/www.radioamigavallenar.cl\/?p=17518","title":{"rendered":"Levantan Toque de queda en Vallenar Informo alcalde Cristian Tapia"},"content":{"rendered":"\n<figure class=\"wp-block-image\"><img loading=\"lazy\" decoding=\"async\" width=\"1024\" height=\"684\" src=\"https:\/\/www.radioamigavallenar.cl\/wp-content\/uploads\/2019\/10\/97-1024x684-1024x684.jpg\" alt=\"\" class=\"wp-image-17519\" srcset=\"https:\/\/www.radioamigavallenar.cl\/wp-content\/uploads\/2019\/10\/97-1024x684.jpg 1024w, https:\/\/www.radioamigavallenar.cl\/wp-content\/uploads\/2019\/10\/97-1024x684-300x200.jpg 300w, https:\/\/www.radioamigavallenar.cl\/wp-content\/uploads\/2019\/10\/97-1024x684-768x513.jpg 768w\" sizes=\"auto, (max-width: 1024px) 100vw, 1024px\" \/><\/figure>\n\n\n\n<p>En horas de la tarde de hoy el alcalde de la comuna de Vallenar Cristian Tapia Ramos, inform\u00f3 a la comunidad que se&nbsp; levanta el toque de queda en la comuna de Vallenar,.<\/p>\n\n\n\n<p>Dicha determinaci\u00f3n se logr\u00f3 a ra\u00edz de la petici\u00f3n realizada al ministerior del interior y luego de realizar una reuni\u00f3n con la gobernadora del Huasco se le inform\u00f3 a la autoridad comunal que se levantaba el toque de queda para Vallenar.<\/p>\n\n\n\n<p><strong>\u00abY hoy en la ma\u00f1ana hize un llamado al ministerio del interior converse con alguien all\u00e1, en la tarde tuvimos una reuni\u00f3n con la gobernadora y el sin prefecto de la polic\u00eda de Investigaciones y El mayor de carabineros, les ratifique el porque no era conveniente que en Vallenar hubiese toque de queda, el comportamiento de la gente ha Sido ejemplar, Cada vez que la gente ha querido hacer algo la misma gente lo insta a qu\u00e9 no lo haga, esto es una movilizaci\u00f3n pac\u00edfica es el descontento de la gente, no SOS mil personas, son\u00f3 que tres mil, cinco mil Personas a las calles,a salido con familias y no era justo que si la gente hab\u00eda tenido un buen comportamiento tuvi\u00e9ramos que ir A replegarnos a las casas, como si fu\u00e9ramos delincuentes.<\/strong><\/p>\n\n\n\n<p>Yo creo que se escuch\u00f3 ese clamor popular y no solamente m\u00edo, sino que de toda las personas, de todos los vallenarina y vallenarinos Y eso por lo menos nos deja un poco tranquilos, sin descuidar l\u00f3gicamente la seguridad de la comuna, en eso Hemos estado trabajando Con Carabineros con el dron\u00a0 y con la polic\u00eda de Investigaciones para que siga todo normal y solicitar a la gente si ve A alguien haciendo da\u00f1os o destrozos por favor informarlo Para poder accionar\u00bb. <\/p>\n","protected":false},"excerpt":{"rendered":"<p>En horas de la tarde de hoy el alcalde de la comuna de Vallenar Cristian Tapia Ramos, inform\u00f3 a la comunidad que se&nbsp; levanta el&hellip; <\/p>\n","protected":false},"author":2,"featured_media":17519,"comment_status":"open","ping_status":"closed","sticky":false,"template":"","format":"standard","meta":{"footnotes":""},"categories":[1,2],"tags":[],"class_list":["post-17518","post","type-post","status-publish","format-standard","has-post-thumbnail","hentry","category-provincia-del-huasco-2","category-vallenar"],"_links":{"self":[{"href":"https:\/\/www.radioamigavallenar.cl\/index.php?rest_route=\/wp\/v2\/posts\/17518","targetHints":{"allow":["GET"]}}],"collection":[{"href":"https:\/\/www.radioamigavallenar.cl\/index.php?rest_route=\/wp\/v2\/posts"}],"about":[{"href":"https:\/\/www.radioamigavallenar.cl\/index.php?rest_route=\/wp\/v2\/types\/post"}],"author":[{"embeddable":true,"href":"https:\/\/www.radioamigavallenar.cl\/index.php?rest_route=\/wp\/v2\/users\/2"}],"replies":[{"embeddable":true,"href":"https:\/\/www.radioamigavallenar.cl\/index.php?rest_route=%2Fwp%2Fv2%2Fcomments&post=17518"}],"version-history":[{"count":0,"href":"https:\/\/www.radioamigavallenar.cl\/index.php?rest_route=\/wp\/v2\/posts\/17518\/revisions"}],"wp:featuredmedia":[{"embeddable":true,"href":"https:\/\/www.radioamigavallenar.cl\/index.php?rest_route=\/wp\/v2\/media\/17519"}],"wp:attachment":[{"href":"https:\/\/www.radioamigavallenar.cl\/index.php?rest_route=%2Fwp%2Fv2%2Fmedia&parent=17518"}],"wp:term":[{"taxonomy":"category","embeddable":true,"href":"https:\/\/www.radioamigavallenar.cl\/index.php?rest_route=%2Fwp%2Fv2%2Fcategories&post=17518"},{"taxonomy":"post_tag","embeddable":true,"href":"https:\/\/www.radioamigavallenar.cl\/index.php?rest_route=%2Fwp%2Fv2%2Ftags&post=17518"}],"curies":[{"name":"wp","href":"https:\/\/api.w.org\/{rel}","templated":true}]}}