{"id":17474,"date":"2019-10-21T13:23:23","date_gmt":"2019-10-21T16:23:23","guid":{"rendered":"https:\/\/www.radioamigavallenar.cl\/?p=17474"},"modified":"2019-10-21T13:23:24","modified_gmt":"2019-10-21T16:23:24","slug":"carreteras-en-atacama-no-presentan-problemas-para-desplazamientos","status":"publish","type":"post","link":"https:\/\/www.radioamigavallenar.cl\/?p=17474","title":{"rendered":"Carreteras en Atacama no presentan problemas para desplazamientos"},"content":{"rendered":"\n<figure class=\"wp-block-image\"><img loading=\"lazy\" decoding=\"async\" width=\"1024\" height=\"768\" src=\"https:\/\/www.radioamigavallenar.cl\/wp-content\/uploads\/2019\/10\/90406901-1024x768.jpg\" alt=\"\" class=\"wp-image-17475\" srcset=\"https:\/\/www.radioamigavallenar.cl\/wp-content\/uploads\/2019\/10\/90406901.jpg 1024w, https:\/\/www.radioamigavallenar.cl\/wp-content\/uploads\/2019\/10\/90406901-300x225.jpg 300w, https:\/\/www.radioamigavallenar.cl\/wp-content\/uploads\/2019\/10\/90406901-768x576.jpg 768w\" sizes=\"auto, (max-width: 1024px) 100vw, 1024px\" \/><\/figure>\n\n\n\n<p>Peajes est\u00e1n funcionando en forma normal.<\/p>\n\n\n\n<p>Seg\u00fan informaci\u00f3n entregada esta ma\u00f1ana, en conversaci\u00f3n con el intendente de Atacama, \u00e9ste se\u00f1al\u00f3 que&nbsp; la ruta cinco norte se mantiene sin inconvenientes para el normal desplazamiento vehicular ,tanto al norte como al sur del pa\u00eds.<\/p>\n\n\n\n<p>Solo se experiment\u00f3 un corte de ruta en el acceso a Caldera por parte de los trabajadores portuarios quienes se plegaron a paro nacional del gremio al que pertenecen.<\/p>\n\n\n\n<p>Los peajes est\u00e1n funcionando si inconvenientes se indic\u00f3 por parte de la autoridad regional.<\/p>\n","protected":false},"excerpt":{"rendered":"<p>Peajes est\u00e1n funcionando en forma normal. Seg\u00fan informaci\u00f3n entregada esta ma\u00f1ana, en conversaci\u00f3n con el intendente de Atacama, \u00e9ste se\u00f1al\u00f3 que&nbsp; la ruta cinco norte&hellip; <\/p>\n","protected":false},"author":2,"featured_media":17475,"comment_status":"open","ping_status":"closed","sticky":false,"template":"","format":"standard","meta":{"footnotes":""},"categories":[7],"tags":[],"class_list":["post-17474","post","type-post","status-publish","format-standard","has-post-thumbnail","hentry","category-atacama"],"_links":{"self":[{"href":"https:\/\/www.radioamigavallenar.cl\/index.php?rest_route=\/wp\/v2\/posts\/17474","targetHints":{"allow":["GET"]}}],"collection":[{"href":"https:\/\/www.radioamigavallenar.cl\/index.php?rest_route=\/wp\/v2\/posts"}],"about":[{"href":"https:\/\/www.radioamigavallenar.cl\/index.php?rest_route=\/wp\/v2\/types\/post"}],"author":[{"embeddable":true,"href":"https:\/\/www.radioamigavallenar.cl\/index.php?rest_route=\/wp\/v2\/users\/2"}],"replies":[{"embeddable":true,"href":"https:\/\/www.radioamigavallenar.cl\/index.php?rest_route=%2Fwp%2Fv2%2Fcomments&post=17474"}],"version-history":[{"count":0,"href":"https:\/\/www.radioamigavallenar.cl\/index.php?rest_route=\/wp\/v2\/posts\/17474\/revisions"}],"wp:featuredmedia":[{"embeddable":true,"href":"https:\/\/www.radioamigavallenar.cl\/index.php?rest_route=\/wp\/v2\/media\/17475"}],"wp:attachment":[{"href":"https:\/\/www.radioamigavallenar.cl\/index.php?rest_route=%2Fwp%2Fv2%2Fmedia&parent=17474"}],"wp:term":[{"taxonomy":"category","embeddable":true,"href":"https:\/\/www.radioamigavallenar.cl\/index.php?rest_route=%2Fwp%2Fv2%2Fcategories&post=17474"},{"taxonomy":"post_tag","embeddable":true,"href":"https:\/\/www.radioamigavallenar.cl\/index.php?rest_route=%2Fwp%2Fv2%2Ftags&post=17474"}],"curies":[{"name":"wp","href":"https:\/\/api.w.org\/{rel}","templated":true}]}}