{"id":17471,"date":"2019-10-21T13:20:20","date_gmt":"2019-10-21T16:20:20","guid":{"rendered":"https:\/\/www.radioamigavallenar.cl\/?p=17471"},"modified":"2019-10-21T13:20:21","modified_gmt":"2019-10-21T16:20:21","slug":"presidente-de-confederacion-nacional-de-transporte-de-carga-tenemos-la-obligacion-abastecer-a-la-poblacion","status":"publish","type":"post","link":"https:\/\/www.radioamigavallenar.cl\/?p=17471","title":{"rendered":"Presidente de Confederaci\u00f3n Nacional de Transporte de Carga \u201cTenemos la obligaci\u00f3n abastecer a la poblaci\u00f3n\u201d"},"content":{"rendered":"\n<figure class=\"wp-block-image\"><img loading=\"lazy\" decoding=\"async\" width=\"561\" height=\"640\" src=\"https:\/\/www.radioamigavallenar.cl\/wp-content\/uploads\/2019\/10\/IMG_9119.jpg\" alt=\"\" class=\"wp-image-17472\" srcset=\"https:\/\/www.radioamigavallenar.cl\/wp-content\/uploads\/2019\/10\/IMG_9119.jpg 561w, https:\/\/www.radioamigavallenar.cl\/wp-content\/uploads\/2019\/10\/IMG_9119-263x300.jpg 263w\" sizes=\"auto, (max-width: 561px) 100vw, 561px\" \/><\/figure>\n\n\n\n<p>Sergio P\u00e9rez indic\u00f3 que no existe ni existir\u00e1 el \u00e1nimo de realizar un paro en estas condiciones.<\/p>\n\n\n\n<p>En una escueta declaraci\u00f3n a trav\u00e9s de una grabaci\u00f3n de WathsApp, el dirigente gremial sostuvo que \u201cMe hago un deber en informar que nosotros abastecemos a la naci\u00f3n y es por eso que no existe ni existir\u00e1 paro de camioneros ante la grave situaci\u00f3n que afecta al pa\u00eds\u201d, dijo P\u00e9rez<\/p>\n\n\n\n<p>Nosotros debemos de abastecer de medicamentos, alimentos e insumos, por eso reitero que llamamos a la tranquilidad y a normalizar para que el pa\u00eds siga desarroll\u00e1ndose\u201d, finaliz\u00f3 el dirigente de los camioneros de Chile.<\/p>\n","protected":false},"excerpt":{"rendered":"<p>Sergio P\u00e9rez indic\u00f3 que no existe ni existir\u00e1 el \u00e1nimo de realizar un paro en estas condiciones. En una escueta declaraci\u00f3n a trav\u00e9s de una&hellip; <\/p>\n","protected":false},"author":2,"featured_media":17472,"comment_status":"open","ping_status":"closed","sticky":false,"template":"","format":"standard","meta":{"footnotes":""},"categories":[7],"tags":[],"class_list":["post-17471","post","type-post","status-publish","format-standard","has-post-thumbnail","hentry","category-atacama"],"_links":{"self":[{"href":"https:\/\/www.radioamigavallenar.cl\/index.php?rest_route=\/wp\/v2\/posts\/17471","targetHints":{"allow":["GET"]}}],"collection":[{"href":"https:\/\/www.radioamigavallenar.cl\/index.php?rest_route=\/wp\/v2\/posts"}],"about":[{"href":"https:\/\/www.radioamigavallenar.cl\/index.php?rest_route=\/wp\/v2\/types\/post"}],"author":[{"embeddable":true,"href":"https:\/\/www.radioamigavallenar.cl\/index.php?rest_route=\/wp\/v2\/users\/2"}],"replies":[{"embeddable":true,"href":"https:\/\/www.radioamigavallenar.cl\/index.php?rest_route=%2Fwp%2Fv2%2Fcomments&post=17471"}],"version-history":[{"count":0,"href":"https:\/\/www.radioamigavallenar.cl\/index.php?rest_route=\/wp\/v2\/posts\/17471\/revisions"}],"wp:featuredmedia":[{"embeddable":true,"href":"https:\/\/www.radioamigavallenar.cl\/index.php?rest_route=\/wp\/v2\/media\/17472"}],"wp:attachment":[{"href":"https:\/\/www.radioamigavallenar.cl\/index.php?rest_route=%2Fwp%2Fv2%2Fmedia&parent=17471"}],"wp:term":[{"taxonomy":"category","embeddable":true,"href":"https:\/\/www.radioamigavallenar.cl\/index.php?rest_route=%2Fwp%2Fv2%2Fcategories&post=17471"},{"taxonomy":"post_tag","embeddable":true,"href":"https:\/\/www.radioamigavallenar.cl\/index.php?rest_route=%2Fwp%2Fv2%2Ftags&post=17471"}],"curies":[{"name":"wp","href":"https:\/\/api.w.org\/{rel}","templated":true}]}}