{"id":17427,"date":"2019-10-19T00:00:11","date_gmt":"2019-10-19T03:00:11","guid":{"rendered":"https:\/\/www.radioamigavallenar.cl\/?p=17427"},"modified":"2019-10-18T20:41:45","modified_gmt":"2019-10-18T23:41:45","slug":"gobierno-recuerda-que-por-ley-deben-dar-permiso-a-trabajadores-para-examen-de-prostata-y-mamografia","status":"publish","type":"post","link":"https:\/\/www.radioamigavallenar.cl\/?p=17427","title":{"rendered":"Gobierno recuerda que por ley deben dar permiso a trabajadores para examen de pr\u00f3stata y mamograf\u00eda"},"content":{"rendered":"\n<figure class=\"wp-block-image\"><img loading=\"lazy\" decoding=\"async\" width=\"750\" height=\"400\" src=\"https:\/\/www.radioamigavallenar.cl\/wp-content\/uploads\/2019\/10\/examenes-medicos.jpg\" alt=\"\" class=\"wp-image-17428\" srcset=\"https:\/\/www.radioamigavallenar.cl\/wp-content\/uploads\/2019\/10\/examenes-medicos.jpg 750w, https:\/\/www.radioamigavallenar.cl\/wp-content\/uploads\/2019\/10\/examenes-medicos-300x160.jpg 300w\" sizes=\"auto, (max-width: 750px) 100vw, 750px\" \/><\/figure>\n\n\n\n<p><strong>El Gobierno, a trav\u00e9s de la Subsecretar\u00eda del Trabajo, record\u00f3 a los empleadores que por ley deben dar permiso a los trabajadores para que se realicen el examen a la&nbsp;pr\u00f3stata, en el caso de los hombres; y la&nbsp;mamograf\u00eda&nbsp;en el caso de las mujeres.<\/strong><\/p>\n\n\n\n<p>En caso contrario, las empresas arriesgan ser multadas con hasta\u00a0$3 millones.<\/p>\n\n\n\n<p>Este recordatorio se emiti\u00f3 en voz del subsecretario del Trabajo, Fernando Arab, en el marco de una campa\u00f1a de concientizaci\u00f3n contra el c\u00e1ncer de mama.<\/p>\n\n\n\n<p>Durante 2019 se han interpuesto ocho denuncias ante la Direcci\u00f3n del Trabajo por no otorgar este derecho. Seg\u00fan la \u00faltima encuesta de empleo del INE, en el pa\u00eds hay 2.035.014 mujeres ocupadas mayores de 40 a\u00f1os, que pueden acceder a este beneficio.<\/p>\n\n\n\n<p>\u201cM\u00e1s que las multas que se puedan aplicar, queremos informar y crear conciencia que existe este permiso en el C\u00f3digo del Trabajo y que se debe otorgar una vez al a\u00f1o. El c\u00e1ncer de mama es una de las enfermedades que m\u00e1s muerte provoca en las mujeres de nuestro pa\u00eds; por ejemplo, cuatro mujeres mueren al d\u00eda por la detecci\u00f3n tard\u00eda\u201d, se\u00f1al\u00f3 Arab.<\/p>\n\n\n\n<p>\u201c15 minutos que dura el examen puede salvar una vida. Hacemos el llamado tanto a conocer este derecho por parte de las trabajadoras, como tambi\u00e9n a respetarlo por parte de los empleadores\u201d, a\u00f1adi\u00f3 la autoridad.<\/p>\n\n\n\n<h2 class=\"wp-block-heading\">Detalles del permiso<\/h2>\n\n\n\n<p>La legislaci\u00f3n se\u00f1ala que todas las trabajadoras\u00a0mayores de 40 a\u00f1os y los trabajadores mayores de 50, cuyos contratos de trabajo sean por un plazo superior a treinta d\u00edas, tienen derecho a\u00a0medio d\u00eda de permiso\u00a0una vez al a\u00f1o, para someterse a los ex\u00e1menes de mamograf\u00eda y pr\u00f3stata, respectivamente, pudiendo incluir otras prestaciones de medicina preventiva, tales como el examen de\u00a0Papanicolaou.<\/p>\n\n\n\n<p>En el caso de los contratos celebrados por un plazo fijo, o para la realizaci\u00f3n de una obra o faena determinada, este derecho podr\u00e1 ejercerse a partir de los treinta d\u00edas de celebrado el contrato de trabajo, y en cualquier momento durante la vigencia de \u00e9ste.<\/p>\n\n\n\n<p><strong>\u00bfQu\u00e9 debe hacer la trabajadora o el trabajador para poder usar el permiso?<\/strong><\/p>\n\n\n\n<p>Deber\u00e1n dar aviso al empleador con una semana de anticipaci\u00f3n a la realizaci\u00f3n de los ex\u00e1menes. Asimismo, deber\u00e1n presentar al empleador los comprobantes que acrediten que se los realizaron en la fecha estipulada. No importa si el examen se realiza en el sector p\u00fablico o privado<\/p>\n\n\n\n<p><strong>Las infracciones son por:<\/strong><\/p>\n\n\n\n<blockquote class=\"wp-block-quote is-layout-flow wp-block-quote-is-layout-flow\"><p>-No otorgar el permiso para ex\u00e1menes m\u00e9dicos. Multa: 10 UTM ($492.290), 40 UTM ($1.969.160) y 60 UTM ($2.953.740), dependiendo de si la empresa tiene de 1 a 49, 50 a 199 y 200 o m\u00e1s trabajadores.<\/p><p>-No considerar como trabajado el permiso para ex\u00e1menes m\u00e9dicos. Multa: 9 UTM ($443.061), 30 UTM ($1.476.870) y 40 UTM ($1.969.160), dependiendo de si la empresa tiene de 1 a 49, 50 a 199 y 200 o m\u00e1s trabajadores.<\/p><\/blockquote>\n\n\n\n<p>Seg\u00fan los datos proporcionados por la Direcci\u00f3n del Trabajo, hubo 8 denuncias por no otorgar este derecho hasta septiembre de 2019, las que ocurrieron en las regiones Metropolitana (4), O\u2019Higgins (2), Valpara\u00edso (1) y Arica y Parinacota (1).<\/p>\n","protected":false},"excerpt":{"rendered":"<p>El Gobierno, a trav\u00e9s de la Subsecretar\u00eda del Trabajo, record\u00f3 a los empleadores que por ley deben dar permiso a los trabajadores para que se&hellip; <\/p>\n","protected":false},"author":2,"featured_media":17428,"comment_status":"open","ping_status":"closed","sticky":false,"template":"","format":"standard","meta":{"footnotes":""},"categories":[7,37],"tags":[],"class_list":["post-17427","post","type-post","status-publish","format-standard","has-post-thumbnail","hentry","category-atacama","category-nacional"],"_links":{"self":[{"href":"https:\/\/www.radioamigavallenar.cl\/index.php?rest_route=\/wp\/v2\/posts\/17427","targetHints":{"allow":["GET"]}}],"collection":[{"href":"https:\/\/www.radioamigavallenar.cl\/index.php?rest_route=\/wp\/v2\/posts"}],"about":[{"href":"https:\/\/www.radioamigavallenar.cl\/index.php?rest_route=\/wp\/v2\/types\/post"}],"author":[{"embeddable":true,"href":"https:\/\/www.radioamigavallenar.cl\/index.php?rest_route=\/wp\/v2\/users\/2"}],"replies":[{"embeddable":true,"href":"https:\/\/www.radioamigavallenar.cl\/index.php?rest_route=%2Fwp%2Fv2%2Fcomments&post=17427"}],"version-history":[{"count":0,"href":"https:\/\/www.radioamigavallenar.cl\/index.php?rest_route=\/wp\/v2\/posts\/17427\/revisions"}],"wp:featuredmedia":[{"embeddable":true,"href":"https:\/\/www.radioamigavallenar.cl\/index.php?rest_route=\/wp\/v2\/media\/17428"}],"wp:attachment":[{"href":"https:\/\/www.radioamigavallenar.cl\/index.php?rest_route=%2Fwp%2Fv2%2Fmedia&parent=17427"}],"wp:term":[{"taxonomy":"category","embeddable":true,"href":"https:\/\/www.radioamigavallenar.cl\/index.php?rest_route=%2Fwp%2Fv2%2Fcategories&post=17427"},{"taxonomy":"post_tag","embeddable":true,"href":"https:\/\/www.radioamigavallenar.cl\/index.php?rest_route=%2Fwp%2Fv2%2Ftags&post=17427"}],"curies":[{"name":"wp","href":"https:\/\/api.w.org\/{rel}","templated":true}]}}