{"id":17424,"date":"2019-10-19T00:00:36","date_gmt":"2019-10-19T03:00:36","guid":{"rendered":"https:\/\/www.radioamigavallenar.cl\/?p=17424"},"modified":"2019-10-18T20:39:03","modified_gmt":"2019-10-18T23:39:03","slug":"conaf-publica-libro-que-recopila-la-historia-de-la-creacion-del-parque-nacional-pan-de-azucar","status":"publish","type":"post","link":"https:\/\/www.radioamigavallenar.cl\/?p=17424","title":{"rendered":"CONAF publica libro que recopila la historia de la creaci\u00f3n del Parque Nacional Pan de Az\u00facar"},"content":{"rendered":"\n<figure class=\"wp-block-image\"><img loading=\"lazy\" decoding=\"async\" width=\"1024\" height=\"498\" src=\"https:\/\/www.radioamigavallenar.cl\/wp-content\/uploads\/2019\/10\/20191004_122759-1024x498-1024x498.jpg\" alt=\"\" class=\"wp-image-17425\" srcset=\"https:\/\/www.radioamigavallenar.cl\/wp-content\/uploads\/2019\/10\/20191004_122759-1024x498.jpg 1024w, https:\/\/www.radioamigavallenar.cl\/wp-content\/uploads\/2019\/10\/20191004_122759-1024x498-300x146.jpg 300w, https:\/\/www.radioamigavallenar.cl\/wp-content\/uploads\/2019\/10\/20191004_122759-1024x498-768x374.jpg 768w\" sizes=\"auto, (max-width: 1024px) 100vw, 1024px\" \/><\/figure>\n\n\n\n<p><strong><em>Contiene historias in\u00e9ditas de c\u00f3mo nace el parque nacional, contrastada con los asentamientos antiguos.<\/em><\/strong><\/p>\n\n\n\n<p>\u201cHistorias del parque Nacional Pan de Az\u00facar de la creaci\u00f3n del parque nacional a los primeros pobladores\u201d es el nombre del libro que Conaf lanz\u00f3 oficialmente para conmemorar el aniversario n\u00famero 34 del parque, iniciativa que surge gracias a un convenio con la empresa minera Mantos Copper.<\/p>\n\n\n\n<p>La publicaci\u00f3n recopila testimonios de fuentes directas mediante entrevistas que explican c\u00f3mo se fue instalando Conaf en el primer parque nacional de la Regi\u00f3n de Atacama, una franja de naturaleza llena de biodiversidad, conservada para las futuras generaciones y que tambi\u00e9n guarda el secreto de la gesta humana para poblar el desierto.<\/p>\n\n\n\n<p>Simone Bezamat, la autora, se\u00f1ala que \u201cel libro reconstruye la historia de la creaci\u00f3n del Parque Nacional Pan de Az\u00facar y da cuenta de todos los esfuerzos que realizaron los profesionales, en su mayor\u00eda ingenieros forestales de aquellos a\u00f1os. Era un tiempo en que no exist\u00eda la oficina regional de Conaf y hubo que crearla con muy pocos recursos\u201d.<\/p>\n\n\n\n<p>La ge\u00f3loga y magister en asentamientos humanos y medio ambiente de la Pontificia Universidad Cat\u00f3lica de Chile, agreg\u00f3 que \u201cel ingenio que tuvieron los profesionales en ese tiempo es muy destacable, cuando llegan a Pan de Az\u00facar y se relacionan con la comunidad de pescadores que ah\u00ed habitaban se dan un sinn\u00famero de an\u00e9cdotas que se van relatando en este libro. Posteriormente se pasa por la historia minera del parque y se llega a los primeros pobladores que son los pueblos abor\u00edgenes del desierto costero\u201d.<\/p>\n\n\n\n<p>H\u00e9ctor Correa, exdirector regional y exfuncionario de Conaf, estuvo presente durante el lanzamiento, acci\u00f3n que encontr\u00f3 muy emotiva debido al conjunto de historias guardadas y que por primera vez son de conocimiento del p\u00fablico.<\/p>\n\n\n\n<p>\u201cSon 34 a\u00f1os que existe este parque; tres planes de manejo; una enormidad de gente que est\u00e1 trabajando desde el principio, muchos que ya no est\u00e1n. Sin embargo, queda la importancia de lo que representa el ser, atacame\u00f1o\u201d, opin\u00f3 H\u00e9ctor Correa.<\/p>\n\n\n\n<p><strong><em>Patrimonio inmaterial cultural<\/em><\/strong><\/p>\n\n\n\n<p>La publicaci\u00f3n aborda el patrimonio cultural inmaterial del parque, relata leyendas, habla tambi\u00e9n sobre la cultura de los pescadores, las t\u00e9cnicas y conocimientos de la naturaleza, pretende con esto que la historia se siga contando y que se mantengan vivas todas las tradiciones orales del lugar.<\/p>\n\n\n\n<p>\u201cConsidero relevantes que la comunidad de Cha\u00f1aral y especial la regi\u00f3n de Atacama, conozca el trabajo, el esfuerzo y la tenacidad que implica la creaci\u00f3n de un parque nacional, en este caso del Parque Nacional Pan de Az\u00facar, a trav\u00e9s de este libro se cuentan an\u00e9cdotas que relatan el esfuerzo de muchas personas y trabajadores de CONAF y autoridades de la \u00e9poca que tomaron la decisi\u00f3n de llevar adelante la creaci\u00f3n del primer Parque Nacional para Atacama\u201d, dijo el director regional de Conaf H\u00e9ctor Soto.<\/p>\n\n\n\n<p>\u201cEste libro consigna la historia de este parque, desde su g\u00e9nesis, por lo que para nosotros adquiere gran valor. Esperamos que este libro sea conocido por la comunidad para as\u00ed mantener las leyendas del lugar y la comunidad le tom\u00e9 as\u00ed m\u00e1s cari\u00f1o al lugar y por lo tanto lo cuide, lo preserve en un momento en que el cambio clim\u00e1tico lleg\u00f3 para quedarse y para nuestro Presidente Sebasti\u00e1n Pi\u00f1era establecer actividades en pos del cuidado del medioambiente es prioritario\u201d, agreg\u00f3 el Secretario Regional Ministerial de Agricultura Patricio Araya Vargas.<\/p>\n\n\n\n<p>Por \u00faltimo para el Jefe del Departamento de \u00c1reas Silvestres Protegidas de CONAF Atacama y mentor de este proyecto, Jorge Carabantes, afirm\u00f3 que \u201cse\u00f1ala que este libro es una deuda que comienza a saldarse con la historia y con aquellos hombres y mujeres que bregaron para que esta primera \u00e1rea silvestre protegida de la regi\u00f3n pudiese establecerse en el territorio de Atacama\u201d.<\/p>\n\n\n\n<p><strong><em>Or\u00edgenes del parque nacional<\/em><\/strong><\/p>\n\n\n\n<p>En 1986 se publica el decreto que crea como \u00e1rea silvestre protegida un sector costero entre las regiones de Antofagasta y Atacama que abarca una extensi\u00f3n de 43.750 hect\u00e1reas.<\/p>\n\n\n\n<p>El gobernador de Copiap\u00f3 Ra\u00fal Porcile viaj\u00f3 hasta Santiago, preocupado por la desertificaci\u00f3n y los problemas con el agua en la regi\u00f3n, para que se constituyera una oficina regional de la Corporaci\u00f3n Nacional Forestal. La petici\u00f3n fue acogida por el director ejecutivo de Conaf en 1982, Iv\u00e1n Castro. El primer director de la nueva oficina fue Enrique Latorre, quien se aboc\u00f3 fuertemente a incorporar al sistema de \u00e1reas protegida el patrimonio natural que existe en la regi\u00f3n.<\/p>\n\n\n\n<p>Por su parte el ingeniero forestal H\u00e9ctor Correa fue uno de los primeros encargados de crear el parque, junto a un baqueano que viv\u00eda en el sector de la caleta Pan de Az\u00facar, Ibar P\u00e1ez, fueron identificando los sectores a proteger, la existencia de guanacos y otras especies de flora y fauna.<\/p>\n\n\n\n<p>En esa \u00e9poca, el sector era ocupado por pescadores que comenzaban a asentarse en la caleta, donde se genera una relaci\u00f3n permanente con la corporaci\u00f3n que fue de dulce y agraz.<\/p>\n\n\n\n<p>Adem\u00e1s, era un lugar de visita frecuente para la gente de Cha\u00f1aral, donde practicaban la caza del guanaco, actividad recreativa que estaba llevando a esta especie a la extinci\u00f3n, motivo por el cual algunas familias de Cha\u00f1aral, como los Vecchiola, tambi\u00e9n se mostraron interesadas en que se instalara el parque para proteger al cam\u00e9lido.<\/p>\n","protected":false},"excerpt":{"rendered":"<p>Contiene historias in\u00e9ditas de c\u00f3mo nace el parque nacional, contrastada con los asentamientos antiguos. \u201cHistorias del parque Nacional Pan de Az\u00facar de la creaci\u00f3n del&hellip; <\/p>\n","protected":false},"author":2,"featured_media":17425,"comment_status":"open","ping_status":"closed","sticky":false,"template":"","format":"standard","meta":{"footnotes":""},"categories":[7],"tags":[],"class_list":["post-17424","post","type-post","status-publish","format-standard","has-post-thumbnail","hentry","category-atacama"],"_links":{"self":[{"href":"https:\/\/www.radioamigavallenar.cl\/index.php?rest_route=\/wp\/v2\/posts\/17424","targetHints":{"allow":["GET"]}}],"collection":[{"href":"https:\/\/www.radioamigavallenar.cl\/index.php?rest_route=\/wp\/v2\/posts"}],"about":[{"href":"https:\/\/www.radioamigavallenar.cl\/index.php?rest_route=\/wp\/v2\/types\/post"}],"author":[{"embeddable":true,"href":"https:\/\/www.radioamigavallenar.cl\/index.php?rest_route=\/wp\/v2\/users\/2"}],"replies":[{"embeddable":true,"href":"https:\/\/www.radioamigavallenar.cl\/index.php?rest_route=%2Fwp%2Fv2%2Fcomments&post=17424"}],"version-history":[{"count":0,"href":"https:\/\/www.radioamigavallenar.cl\/index.php?rest_route=\/wp\/v2\/posts\/17424\/revisions"}],"wp:featuredmedia":[{"embeddable":true,"href":"https:\/\/www.radioamigavallenar.cl\/index.php?rest_route=\/wp\/v2\/media\/17425"}],"wp:attachment":[{"href":"https:\/\/www.radioamigavallenar.cl\/index.php?rest_route=%2Fwp%2Fv2%2Fmedia&parent=17424"}],"wp:term":[{"taxonomy":"category","embeddable":true,"href":"https:\/\/www.radioamigavallenar.cl\/index.php?rest_route=%2Fwp%2Fv2%2Fcategories&post=17424"},{"taxonomy":"post_tag","embeddable":true,"href":"https:\/\/www.radioamigavallenar.cl\/index.php?rest_route=%2Fwp%2Fv2%2Ftags&post=17424"}],"curies":[{"name":"wp","href":"https:\/\/api.w.org\/{rel}","templated":true}]}}