{"id":17394,"date":"2019-10-18T00:11:26","date_gmt":"2019-10-18T03:11:26","guid":{"rendered":"https:\/\/www.radioamigavallenar.cl\/?p=17394"},"modified":"2019-10-18T00:11:27","modified_gmt":"2019-10-18T03:11:27","slug":"diputada-sofia-consigue-modificacion-de-glosas-presupuestarias-que-permitiran-al-gobierno-regional-comprar-clinicas-moviles-y-ampliar-subsidios-en-materia-de-cultura","status":"publish","type":"post","link":"https:\/\/www.radioamigavallenar.cl\/?p=17394","title":{"rendered":"Diputada Sof\u00eda consigue modificaci\u00f3n de glosas presupuestarias que permitir\u00e1n al Gobierno Regional comprar cl\u00ednicas m\u00f3viles y ampliar subsidios en materia de cultura"},"content":{"rendered":"\n<figure class=\"wp-block-image\"><img loading=\"lazy\" decoding=\"async\" width=\"1024\" height=\"682\" src=\"https:\/\/www.radioamigavallenar.cl\/wp-content\/uploads\/2019\/10\/sc-1024x682.jpg\" alt=\"\" class=\"wp-image-17395\" srcset=\"https:\/\/www.radioamigavallenar.cl\/wp-content\/uploads\/2019\/10\/sc-1024x682.jpg 1024w, https:\/\/www.radioamigavallenar.cl\/wp-content\/uploads\/2019\/10\/sc-300x200.jpg 300w, https:\/\/www.radioamigavallenar.cl\/wp-content\/uploads\/2019\/10\/sc-768x512.jpg 768w, https:\/\/www.radioamigavallenar.cl\/wp-content\/uploads\/2019\/10\/sc.jpg 1280w\" sizes=\"auto, (max-width: 1024px) 100vw, 1024px\" \/><\/figure>\n\n\n\n<p><strong><em>El Director de Presupuestos, Rodrigo Cerda acogi\u00f3 la solicitud de la parlamentaria por Atacama para modificar glosas del presupuesto nacional.<\/em><\/strong> <\/p>\n\n\n\n<p>Satisfecha se manifest\u00f3 la diputada por Atacama, Sof\u00eda Cid Versalovic, tras conseguir que la Direcci\u00f3n de Presupuestos (Dipres) modificara dos glosas presupuestarias comunes a todos los programas de los Gobiernos Regionales.<\/p>\n\n\n\n<p>La parlamentaria por Atacama est\u00e1 trabajando desde el presupuesto anterior en este tema. Tras varias reuniones de trabajo con Dipres septiembre pasado oficio a esta instituci\u00f3n con sus propuestas en materia presupuestaria. El pasado lunes 14 de octubre el director de presupuestos, Rodrigo Cerda confirm\u00f3 formalmente a Cid Versalovic que dos&nbsp; propuestas suyas fueron incorporadas en la ley de presupuestos para el 2020.<\/p>\n\n\n\n<p>Cl\u00ednicas m\u00f3viles<\/p>\n\n\n\n<p>La primera modificaci\u00f3n permitir\u00eda a los Gobiernos Regionales adquirir cl\u00ednicas m\u00f3viles. \u201cEn regiones como Atacama esto puede ser un verdadero aporte, toda vez que localidades lejanas pueden contar con un acceso m\u00e1s r\u00e1pido a una serie de indumentarias m\u00e9dicas. El Servicio de Salud Atacama\u00a0 podr\u00e1 adquirir este tipo de equipamientos para facilitar la atenci\u00f3n m\u00e9dica de personas en zonas remotas a los recintos hospitalarios de la regi\u00f3n\u201d. <\/p>\n\n\n\n<p>Con anterioridad a la modificaci\u00f3n propuesta por la parlamentaria, los Gobiernos Regionales solo pod\u00edan destinar recursos de esta glosa para reponer veh\u00edculos de las dotaciones del servicio de salud. \u201cEsto significa que no se pod\u00eda adquirir con cargo a estos recursos una cl\u00ednica m\u00f3vil, a menos que el servicio contara con una y se hiciera necesario su reposici\u00f3n. Es un buen cambio para mejorar atenci\u00f3n m\u00e9dica en regiones\u201d se\u00f1al\u00f3 Cid Versalovic. <\/p>\n\n\n\n<p>Consultada por como este cambio podr\u00eda repercutir en Atacama, la personer\u00eda RN indic\u00f3 \u201cespero que el Servicio de Salud Atacama explore la mejor manera de usar esta nueva opci\u00f3n , pensando en los sectores m\u00e1s alejados en Tierra Amarilla, o en San F\u00e9lix y El Tr\u00e1nsito en Alto del Carmen por mencionar algunos. Ser\u00eda ideal que el 2020 adquirieran al menos una cl\u00ednica m\u00f3vil y realizara un programa piloto\u201d.<\/p>\n\n\n\n<p>Subsidios culturales<\/p>\n\n\n\n<p>La otra modificaci\u00f3n conseguida por Sof\u00eda Cid es aquella que permite a los gobiernos regionales destinar hasta un 6% de los recursos a subsidios para funcionamiento de teatros municipales o regionales. <\/p>\n\n\n\n<p>Con la modificaci\u00f3n se ampl\u00eda considerablemente esta posibilidad, pues ahora ser\u00e1 posible dar subsidios para funcionamientos adem\u00e1s de monumentos hist\u00f3ricos con atenci\u00f3n a p\u00fablico que operen en la regi\u00f3n, operados por municipalidades, otras entidades p\u00fablicas y\/o instituciones privadas sin fines de lucro. <\/p>\n\n\n\n<p>\u201cLa realidad en regiones es mucho m\u00e1s diversa y hay comunas que no cuentan con teatros municipales, o regiones que no tienen teatro regional. Pero si una serie de monumentos hist\u00f3ricos que son una elemento importante en la promoci\u00f3n y difusi\u00f3n de la cultura. Adem\u00e1s, en muchas ocasiones estos monumentos son operados por municipalidades, por otras instituciones p\u00fablicas o por instituciones privadas sin fines de lucro. Ahora podr\u00e1n acceder a esta v\u00eda de financiamiento para su funcionamiento\u201d, explic\u00f3 la parlamentaria por Atacama.<\/p>\n","protected":false},"excerpt":{"rendered":"<p>El Director de Presupuestos, Rodrigo Cerda acogi\u00f3 la solicitud de la parlamentaria por Atacama para modificar glosas del presupuesto nacional. Satisfecha se manifest\u00f3 la diputada&hellip; <\/p>\n","protected":false},"author":2,"featured_media":17395,"comment_status":"open","ping_status":"closed","sticky":false,"template":"","format":"standard","meta":{"footnotes":""},"categories":[7],"tags":[],"class_list":["post-17394","post","type-post","status-publish","format-standard","has-post-thumbnail","hentry","category-atacama"],"_links":{"self":[{"href":"https:\/\/www.radioamigavallenar.cl\/index.php?rest_route=\/wp\/v2\/posts\/17394","targetHints":{"allow":["GET"]}}],"collection":[{"href":"https:\/\/www.radioamigavallenar.cl\/index.php?rest_route=\/wp\/v2\/posts"}],"about":[{"href":"https:\/\/www.radioamigavallenar.cl\/index.php?rest_route=\/wp\/v2\/types\/post"}],"author":[{"embeddable":true,"href":"https:\/\/www.radioamigavallenar.cl\/index.php?rest_route=\/wp\/v2\/users\/2"}],"replies":[{"embeddable":true,"href":"https:\/\/www.radioamigavallenar.cl\/index.php?rest_route=%2Fwp%2Fv2%2Fcomments&post=17394"}],"version-history":[{"count":0,"href":"https:\/\/www.radioamigavallenar.cl\/index.php?rest_route=\/wp\/v2\/posts\/17394\/revisions"}],"wp:featuredmedia":[{"embeddable":true,"href":"https:\/\/www.radioamigavallenar.cl\/index.php?rest_route=\/wp\/v2\/media\/17395"}],"wp:attachment":[{"href":"https:\/\/www.radioamigavallenar.cl\/index.php?rest_route=%2Fwp%2Fv2%2Fmedia&parent=17394"}],"wp:term":[{"taxonomy":"category","embeddable":true,"href":"https:\/\/www.radioamigavallenar.cl\/index.php?rest_route=%2Fwp%2Fv2%2Fcategories&post=17394"},{"taxonomy":"post_tag","embeddable":true,"href":"https:\/\/www.radioamigavallenar.cl\/index.php?rest_route=%2Fwp%2Fv2%2Ftags&post=17394"}],"curies":[{"name":"wp","href":"https:\/\/api.w.org\/{rel}","templated":true}]}}