{"id":17387,"date":"2019-10-17T11:53:09","date_gmt":"2019-10-17T14:53:09","guid":{"rendered":"https:\/\/www.radioamigavallenar.cl\/?p=17387"},"modified":"2019-10-17T11:53:10","modified_gmt":"2019-10-17T14:53:10","slug":"estudiantes-de-vallenar-conocieron-en-terreno-el-trabajo-de-investigacion-que-dirige-la-fiscalia","status":"publish","type":"post","link":"https:\/\/www.radioamigavallenar.cl\/?p=17387","title":{"rendered":"Estudiantes de Vallenar conocieron en terreno  el trabajo de investigaci\u00f3n que dirige la Fiscal\u00eda"},"content":{"rendered":"\n<figure class=\"wp-block-image\"><img loading=\"lazy\" decoding=\"async\" width=\"1024\" height=\"662\" src=\"https:\/\/www.radioamigavallenar.cl\/wp-content\/uploads\/2019\/10\/ACTIVIDAD-VALLENAR-1024x662.jpg\" alt=\"\" class=\"wp-image-17388\" srcset=\"https:\/\/www.radioamigavallenar.cl\/wp-content\/uploads\/2019\/10\/ACTIVIDAD-VALLENAR-1024x662.jpg 1024w, https:\/\/www.radioamigavallenar.cl\/wp-content\/uploads\/2019\/10\/ACTIVIDAD-VALLENAR-300x194.jpg 300w, https:\/\/www.radioamigavallenar.cl\/wp-content\/uploads\/2019\/10\/ACTIVIDAD-VALLENAR-768x497.jpg 768w\" sizes=\"auto, (max-width: 1024px) 100vw, 1024px\" \/><\/figure>\n\n\n\n<p><strong><em>Alumnas y alumnos del Liceo Bicentenario de esta comuna realizaron un recorrido por las dependencias del Ministerio P\u00fablico en la capital del Huasco. <\/em><\/strong><\/p>\n\n\n\n<p>Dentro de la programaci\u00f3n anual del\nPlan de Interacci\u00f3n con la Comunidad la Fiscal\u00eda Local de Vallenar desarroll\u00f3\nen encuentro con estudiantes del Liceo Bicentenario de esta comuna, ocasi\u00f3n en\nque se interiorizaron en detalle de la labor institucional.<\/p>\n\n\n\n<p>Se trata de una delegaci\u00f3n de alumnas\ny alumnos de segundo a\u00f1o medio de este plantel educativo, quienes a trav\u00e9s de\nun recorrido por las dependencias institucionales pudieron conocer el amplio\ntrabajo que Fiscales y Funcionarios desarrollan a diario a partir de las\ndenuncias de delitos que hace la ciudadan\u00eda.<\/p>\n\n\n\n<p>En esta oportunidad los fiscales\nNicol\u00e1s Zolezzi y Roberto Robledo explicaron el proceso penal actualmente\nvigente en el pa\u00eds, respecto de la persecuci\u00f3n de los il\u00edcitos. Adem\u00e1s de comentar\nlas acciones investigativas que se ordenan a las polic\u00edas y otros organismos de\napoyo a la direcci\u00f3n de las indagatorias.<\/p>\n\n\n\n<p>\u201cPara la Fiscal\u00eda de Vallenar es\nsumamente importante llevar a cabo este tipo de actividades que de alguna\nmanera aportan a la educaci\u00f3n c\u00edvica de los y las estudiantes de la ciudad,\nquienes tiene la posibilidad de conocer qu\u00e9 es y c\u00f3mo trabaja la Fiscal\u00eda,\nadem\u00e1s de informarse de la funci\u00f3n institucional que debe desarrollar respecto\nde la investigaci\u00f3n de los delitos y el apoyo de v\u00edctimas de \u00e9stos\u201d, dijo el\nfiscal jefe de Vallenar, Nicol\u00e1s Zolezzi Briones.<\/p>\n\n\n\n<p>El persecutor agreg\u00f3 que junto con iniciativas como esta, se han desarrollado adem\u00e1s distintas charlas a la comunidad organizada en que se han tratado temas de real inter\u00e9s para la ciudadan\u00eda. En especial en la entrega de antecedentes y tratamiento que el Ministerio P\u00fablico hace respecto de delitos de alto inter\u00e9s ciudadano como lo son el tr\u00e1fico de droga, violencia intrafamiliar, tipos de robo, delitos sexuales y aquellos relacionados con la responsabilidad penal adolescente.\u00a0\u00a0\u00a0\u00a0 \u00a0\u00a0 <\/p>\n\n\n\n<p>Por su parte, la administradora de esta Fiscal\u00eda Local, Carolina Tabilo, entreg\u00f3 una charla a los asistentes para explicar los procesos de trabajo interno, los requisitos para formar parte de la Fiscal\u00eda de Chile y las herramientas con que se apoya y orienta a las personas que son v\u00edctimas de delitos. <\/p>\n","protected":false},"excerpt":{"rendered":"<p>Alumnas y alumnos del Liceo Bicentenario de esta comuna realizaron un recorrido por las dependencias del Ministerio P\u00fablico en la capital del Huasco. Dentro de&hellip; <\/p>\n","protected":false},"author":2,"featured_media":17388,"comment_status":"open","ping_status":"closed","sticky":false,"template":"","format":"standard","meta":{"footnotes":""},"categories":[7,2],"tags":[],"class_list":["post-17387","post","type-post","status-publish","format-standard","has-post-thumbnail","hentry","category-atacama","category-vallenar"],"_links":{"self":[{"href":"https:\/\/www.radioamigavallenar.cl\/index.php?rest_route=\/wp\/v2\/posts\/17387","targetHints":{"allow":["GET"]}}],"collection":[{"href":"https:\/\/www.radioamigavallenar.cl\/index.php?rest_route=\/wp\/v2\/posts"}],"about":[{"href":"https:\/\/www.radioamigavallenar.cl\/index.php?rest_route=\/wp\/v2\/types\/post"}],"author":[{"embeddable":true,"href":"https:\/\/www.radioamigavallenar.cl\/index.php?rest_route=\/wp\/v2\/users\/2"}],"replies":[{"embeddable":true,"href":"https:\/\/www.radioamigavallenar.cl\/index.php?rest_route=%2Fwp%2Fv2%2Fcomments&post=17387"}],"version-history":[{"count":0,"href":"https:\/\/www.radioamigavallenar.cl\/index.php?rest_route=\/wp\/v2\/posts\/17387\/revisions"}],"wp:featuredmedia":[{"embeddable":true,"href":"https:\/\/www.radioamigavallenar.cl\/index.php?rest_route=\/wp\/v2\/media\/17388"}],"wp:attachment":[{"href":"https:\/\/www.radioamigavallenar.cl\/index.php?rest_route=%2Fwp%2Fv2%2Fmedia&parent=17387"}],"wp:term":[{"taxonomy":"category","embeddable":true,"href":"https:\/\/www.radioamigavallenar.cl\/index.php?rest_route=%2Fwp%2Fv2%2Fcategories&post=17387"},{"taxonomy":"post_tag","embeddable":true,"href":"https:\/\/www.radioamigavallenar.cl\/index.php?rest_route=%2Fwp%2Fv2%2Ftags&post=17387"}],"curies":[{"name":"wp","href":"https:\/\/api.w.org\/{rel}","templated":true}]}}