{"id":17370,"date":"2019-10-17T00:55:56","date_gmt":"2019-10-17T03:55:56","guid":{"rendered":"https:\/\/www.radioamigavallenar.cl\/?p=17370"},"modified":"2019-10-17T00:55:57","modified_gmt":"2019-10-17T03:55:57","slug":"diputado-noman-califica-como-buena-senal-el-control-de-identidad-desde-los-16-anos","status":"publish","type":"post","link":"https:\/\/www.radioamigavallenar.cl\/?p=17370","title":{"rendered":"Diputado Noman califica como \u201cbuena se\u00f1al\u201d el control de identidad desde los 16 a\u00f1os"},"content":{"rendered":"\n<figure class=\"wp-block-image\"><img loading=\"lazy\" decoding=\"async\" width=\"800\" height=\"533\" src=\"https:\/\/www.radioamigavallenar.cl\/wp-content\/uploads\/2019\/10\/noman-5-800x533.jpg\" alt=\"\" class=\"wp-image-17371\" srcset=\"https:\/\/www.radioamigavallenar.cl\/wp-content\/uploads\/2019\/10\/noman-5-800x533.jpg 800w, https:\/\/www.radioamigavallenar.cl\/wp-content\/uploads\/2019\/10\/noman-5-800x533-300x200.jpg 300w, https:\/\/www.radioamigavallenar.cl\/wp-content\/uploads\/2019\/10\/noman-5-800x533-768x512.jpg 768w\" sizes=\"auto, (max-width: 800px) 100vw, 800px\" \/><\/figure>\n\n\n\n<p>Conforme se mostr\u00f3 el diputado Nicol\u00e1s Noman con la aprobaci\u00f3n de la iniciativa que busca el fortalecimiento del control de identidad&nbsp;por parte de polic\u00edas, el que ahora podr\u00e1 ser ejercido en personas desde los 16 a\u00f1os de edad, utilizado en personas desde los 16 a\u00f1os de edad.<\/p>\n\n\n\n<p>Seg\u00fan apreci\u00f3 el parlamentario por la tercera Regi\u00f3n, \u201cse trata de un paso determinante, ya que nos hace avanzar como pa\u00eds hacia el control de la delincuencia\u201d.<\/p>\n\n\n\n<p>Agreg\u00f3 que \u201clo que se ha aprobado es mejor que lo que est\u00e1 (bajar la edad a los 16 a\u00f1os) aunque hubi\u00e9semos querido que se entienda que el freno al delito se puede desarrollar de mejor forma permitiendo a las polic\u00edas controlar identidad de manera preventiva desde los 14 a\u00f1os\u201d.<\/p>\n\n\n\n<p>Noman cit\u00f3 los recientes resultados de la encuesta Paz Ciudadana: \u201cNos muestra que una parte importante del pa\u00eds teme por su seguridad, tiene miedo de ser v\u00edctima de un delito. Ese debe ser el foco, porque los derechos de quienes son afectados por delitos no valen menos que los de quienes se incomodan porque se les solicita la c\u00e9dula de identidad\u201d.<\/p>\n\n\n\n<p>Dentro de todo, el diputado Nicol\u00e1s Noman calific\u00f3 como una \u201cbuena se\u00f1al\u201d este avance del proyecto, que -adem\u00e1s de lo mencionado, ampl\u00eda la aplicaci\u00f3n del procedimiento a la conducci\u00f3n de veh\u00edculos y regula medios de prueba de identidad- ahora pasa al Senado.<\/p>\n","protected":false},"excerpt":{"rendered":"<p>Conforme se mostr\u00f3 el diputado Nicol\u00e1s Noman con la aprobaci\u00f3n de la iniciativa que busca el fortalecimiento del control de identidad&nbsp;por parte de polic\u00edas, el&hellip; <\/p>\n","protected":false},"author":2,"featured_media":17371,"comment_status":"open","ping_status":"closed","sticky":false,"template":"","format":"standard","meta":{"footnotes":""},"categories":[7],"tags":[],"class_list":["post-17370","post","type-post","status-publish","format-standard","has-post-thumbnail","hentry","category-atacama"],"_links":{"self":[{"href":"https:\/\/www.radioamigavallenar.cl\/index.php?rest_route=\/wp\/v2\/posts\/17370","targetHints":{"allow":["GET"]}}],"collection":[{"href":"https:\/\/www.radioamigavallenar.cl\/index.php?rest_route=\/wp\/v2\/posts"}],"about":[{"href":"https:\/\/www.radioamigavallenar.cl\/index.php?rest_route=\/wp\/v2\/types\/post"}],"author":[{"embeddable":true,"href":"https:\/\/www.radioamigavallenar.cl\/index.php?rest_route=\/wp\/v2\/users\/2"}],"replies":[{"embeddable":true,"href":"https:\/\/www.radioamigavallenar.cl\/index.php?rest_route=%2Fwp%2Fv2%2Fcomments&post=17370"}],"version-history":[{"count":0,"href":"https:\/\/www.radioamigavallenar.cl\/index.php?rest_route=\/wp\/v2\/posts\/17370\/revisions"}],"wp:featuredmedia":[{"embeddable":true,"href":"https:\/\/www.radioamigavallenar.cl\/index.php?rest_route=\/wp\/v2\/media\/17371"}],"wp:attachment":[{"href":"https:\/\/www.radioamigavallenar.cl\/index.php?rest_route=%2Fwp%2Fv2%2Fmedia&parent=17370"}],"wp:term":[{"taxonomy":"category","embeddable":true,"href":"https:\/\/www.radioamigavallenar.cl\/index.php?rest_route=%2Fwp%2Fv2%2Fcategories&post=17370"},{"taxonomy":"post_tag","embeddable":true,"href":"https:\/\/www.radioamigavallenar.cl\/index.php?rest_route=%2Fwp%2Fv2%2Ftags&post=17370"}],"curies":[{"name":"wp","href":"https:\/\/api.w.org\/{rel}","templated":true}]}}