{"id":17351,"date":"2019-10-17T00:44:07","date_gmt":"2019-10-17T03:44:07","guid":{"rendered":"https:\/\/www.radioamigavallenar.cl\/?p=17351"},"modified":"2019-10-17T00:44:08","modified_gmt":"2019-10-17T03:44:08","slug":"gobierno-organiza-feria-saludable-para-conmemorar-dia-mundial-de-la-alimentacion-en-atacama","status":"publish","type":"post","link":"https:\/\/www.radioamigavallenar.cl\/?p=17351","title":{"rendered":"Gobierno organiza Feria Saludable para conmemorar D\u00eda Mundial de la Alimentaci\u00f3n en Atacama"},"content":{"rendered":"\n<figure class=\"wp-block-image\"><img loading=\"lazy\" decoding=\"async\" width=\"1024\" height=\"682\" src=\"https:\/\/www.radioamigavallenar.cl\/wp-content\/uploads\/2019\/10\/WhatsApp-Image-2019-10-16-at-15.42.41-1024x682.jpeg\" alt=\"\" class=\"wp-image-17352\" srcset=\"https:\/\/www.radioamigavallenar.cl\/wp-content\/uploads\/2019\/10\/WhatsApp-Image-2019-10-16-at-15.42.41-1024x682.jpeg 1024w, https:\/\/www.radioamigavallenar.cl\/wp-content\/uploads\/2019\/10\/WhatsApp-Image-2019-10-16-at-15.42.41-300x200.jpeg 300w, https:\/\/www.radioamigavallenar.cl\/wp-content\/uploads\/2019\/10\/WhatsApp-Image-2019-10-16-at-15.42.41-768x512.jpeg 768w, https:\/\/www.radioamigavallenar.cl\/wp-content\/uploads\/2019\/10\/WhatsApp-Image-2019-10-16-at-15.42.41.jpeg 1280w\" sizes=\"auto, (max-width: 1024px) 100vw, 1024px\" \/><\/figure>\n\n\n\n<p><strong><em>La instancia, llevada a cabo en la Plaza de Armas de Copiap\u00f3, cont\u00f3 con bailes entretenidos, colaciones sanas, frutas, verduras e informaci\u00f3n para una nutrici\u00f3n sin sellos <\/em><\/strong><\/p>\n\n\n\n<p>Con el\nobjetivo de incentivar una vida m\u00e1s sana y activa en los ni\u00f1os(as), adolescentes,\npadres, madres y adultos mayores de la ciudad de Copiap\u00f3, el Intendente\nRegional, Patricio Urquieta; el secretario regional ministerial de Desarrollo\nSocial y Familia, Ra\u00fal Mart\u00ednez, y el seremi del Deporte, Guillermo Procuriza,\ncomandaron una Feria Saludable en conmemoraci\u00f3n del D\u00eda Mundial de la\nAlimentaci\u00f3n. <\/p>\n\n\n\n<p>Esta\nactividad fue organizada en plena Plaza de Armas, donde mediante bailes\nentretenidos, circuitos deportivos, brochetas de frutas, jugos saludables,\nverduras y recetas nutritivas, se pudo cautivar a los transe\u00fantes a vivir sano.<\/p>\n\n\n\n<p>Asimismo,\nesta actividad tambi\u00e9n enfoc\u00f3 sus trabajos en contrarrestar los datos\npublicados por la Organizaci\u00f3n para la Cooperaci\u00f3n y Desarrollo Econ\u00f3micos\n(OCDE), quienes mostraron que el 74% de la poblaci\u00f3n adulta en Chile sufren\nsobrepeso u obesidad. Sin embargo, Atacama se encuentra bajo la media nacional\ncon un 65%. <\/p>\n\n\n\n<p>En este\naspecto, el Intendente Patricio Urquieta, afirm\u00f3 que \u201cqueremos invitar a la\ncomunidad a que sea parte de las actividades f\u00edsicas que estamos impulsando\ndesde el Gobierno del Presidente Pi\u00f1era, para que participen en cicletadas, en\ncaminatas, en carreras, en los bailes entretenidos que organiza el Ministerio\ndel Deporte y, sobre todo, con alimentaci\u00f3n saludable y en contacto con la\nnaturaleza\u201d.<\/p>\n\n\n\n<figure class=\"wp-block-audio\"><audio controls src=\"https:\/\/www.radioamigavallenar.cl\/wp-content\/uploads\/2019\/10\/Cu\u00f1a-Intendente.mp3\"><\/audio><\/figure>\n\n\n\n<p>Por su parte,\nel seremi Ra\u00fal Mart\u00ednez, dio a conocer algunas de las tareas que est\u00e1\nrealizando la cartera para luchar contra estos altos \u00edndices. \u201cEl Ministerio de\nDesarrollo Social y Familia y Elige Vivir Sano se encuentran liderando\niniciativas que trabajan con enfoque social, econ\u00f3mico, territorial y de g\u00e9nero\nen la lucha contra el aumento de la obesidad. Por ello, la conmemoraci\u00f3n de\neste d\u00eda es fundamental, ya que podemos reforzar el llamado que venimos\nreiterando de forma constante, el cual tiene que ver con una vida deportiva y\ncomida saludable\u201d.<\/p>\n\n\n\n<figure class=\"wp-block-audio\"><audio controls src=\"https:\/\/www.radioamigavallenar.cl\/wp-content\/uploads\/2019\/10\/SEREMI-RAUL-MARTINEZ.mp3\"><\/audio><\/figure>\n\n\n\n<p>En esta misma\nl\u00ednea, el seremi del Deporte, Guillermo Procuriza, indic\u00f3 que \u201cnuestro\nprincipal objetivo es poder motivar, incentivar y crear conciencia en todo la\nciudadan\u00eda de la regi\u00f3n de Atacama, informando de lo importante que es realizar\nactividad f\u00edsica y deportes\u201d. <\/p>\n\n\n\n<figure class=\"wp-block-audio\"><audio controls src=\"https:\/\/www.radioamigavallenar.cl\/wp-content\/uploads\/2019\/10\/SEREMI-DEL-DEPORTE.mp3\"><\/audio><\/figure>\n\n\n\n<p>Tras\nparticipar en esta intervenci\u00f3n saludable, la se\u00f1ora Nidia Ortiz, se mostr\u00f3\nagradecida de poder disfrutar de esta sana alimentaci\u00f3n. \u201cEs muy importante que\ntomemos conciencia, ya que todo lo natural es mucho m\u00e1s saludable que lo\nprocesado. Esto me deja contenta, con \u00e1nimo de poder traspasar este mensaje a\nmis hijos y nietos\u201d.<\/p>\n\n\n\n<figure class=\"wp-block-audio\"><audio controls src=\"https:\/\/www.radioamigavallenar.cl\/wp-content\/uploads\/2019\/10\/SE\u00d1ORA-NIDIA.mp3\"><\/audio><\/figure>\n\n\n\n<p>Cabe recordar que en agosto, el Gobierno lanz\u00f3 la\nEstrategia Cero Obesidad para detener el aumento de la obesidad infantil al a\u00f1o 2030, a trav\u00e9s de\npol\u00edticas p\u00fablicas sectoriales e intersectoriales. Para el a\u00f1o 2020 se\nconsidera 21 medidas de acci\u00f3n relacionadas a alimentaci\u00f3n saludable, actividad\nf\u00edsica y calidad de vida a lo largo de todo el pa\u00eds.<\/p>\n","protected":false},"excerpt":{"rendered":"<p>La instancia, llevada a cabo en la Plaza de Armas de Copiap\u00f3, cont\u00f3 con bailes entretenidos, colaciones sanas, frutas, verduras e informaci\u00f3n para una nutrici\u00f3n&hellip; <\/p>\n","protected":false},"author":2,"featured_media":17352,"comment_status":"open","ping_status":"closed","sticky":false,"template":"","format":"standard","meta":{"footnotes":""},"categories":[7],"tags":[],"class_list":["post-17351","post","type-post","status-publish","format-standard","has-post-thumbnail","hentry","category-atacama"],"_links":{"self":[{"href":"https:\/\/www.radioamigavallenar.cl\/index.php?rest_route=\/wp\/v2\/posts\/17351","targetHints":{"allow":["GET"]}}],"collection":[{"href":"https:\/\/www.radioamigavallenar.cl\/index.php?rest_route=\/wp\/v2\/posts"}],"about":[{"href":"https:\/\/www.radioamigavallenar.cl\/index.php?rest_route=\/wp\/v2\/types\/post"}],"author":[{"embeddable":true,"href":"https:\/\/www.radioamigavallenar.cl\/index.php?rest_route=\/wp\/v2\/users\/2"}],"replies":[{"embeddable":true,"href":"https:\/\/www.radioamigavallenar.cl\/index.php?rest_route=%2Fwp%2Fv2%2Fcomments&post=17351"}],"version-history":[{"count":0,"href":"https:\/\/www.radioamigavallenar.cl\/index.php?rest_route=\/wp\/v2\/posts\/17351\/revisions"}],"wp:featuredmedia":[{"embeddable":true,"href":"https:\/\/www.radioamigavallenar.cl\/index.php?rest_route=\/wp\/v2\/media\/17352"}],"wp:attachment":[{"href":"https:\/\/www.radioamigavallenar.cl\/index.php?rest_route=%2Fwp%2Fv2%2Fmedia&parent=17351"}],"wp:term":[{"taxonomy":"category","embeddable":true,"href":"https:\/\/www.radioamigavallenar.cl\/index.php?rest_route=%2Fwp%2Fv2%2Fcategories&post=17351"},{"taxonomy":"post_tag","embeddable":true,"href":"https:\/\/www.radioamigavallenar.cl\/index.php?rest_route=%2Fwp%2Fv2%2Ftags&post=17351"}],"curies":[{"name":"wp","href":"https:\/\/api.w.org\/{rel}","templated":true}]}}