{"id":17317,"date":"2019-10-16T02:26:17","date_gmt":"2019-10-16T05:26:17","guid":{"rendered":"https:\/\/www.radioamigavallenar.cl\/?p=17317"},"modified":"2019-10-16T02:26:18","modified_gmt":"2019-10-16T05:26:18","slug":"diputado-mulet-por-declaraciones-de-la-diputada-orsini-en-el-fondo-tiene-razon-lo-que-ella-hizo-no-es-antietico","status":"publish","type":"post","link":"https:\/\/www.radioamigavallenar.cl\/?p=17317","title":{"rendered":"Diputado Mulet por declaraciones de la diputada Orsini: \u201cEn el fondo tiene raz\u00f3n, lo que ella hizo no es anti\u00e9tico\u201d"},"content":{"rendered":"\n<figure class=\"wp-block-image\"><img loading=\"lazy\" decoding=\"async\" width=\"1024\" height=\"683\" src=\"https:\/\/www.radioamigavallenar.cl\/wp-content\/uploads\/2019\/10\/Primer-vice-H.D.Jaime-Mulet-Martinez-1-1024x683-1024x683.jpg\" alt=\"\" class=\"wp-image-17318\" srcset=\"https:\/\/www.radioamigavallenar.cl\/wp-content\/uploads\/2019\/10\/Primer-vice-H.D.Jaime-Mulet-Martinez-1-1024x683.jpg 1024w, https:\/\/www.radioamigavallenar.cl\/wp-content\/uploads\/2019\/10\/Primer-vice-H.D.Jaime-Mulet-Martinez-1-1024x683-300x200.jpg 300w, https:\/\/www.radioamigavallenar.cl\/wp-content\/uploads\/2019\/10\/Primer-vice-H.D.Jaime-Mulet-Martinez-1-1024x683-768x512.jpg 768w\" sizes=\"auto, (max-width: 1024px) 100vw, 1024px\" \/><\/figure>\n\n\n\n<p>Respecto a las declaraciones de la diputada, donde se\u00f1al\u00f3 que \u201ccree que hay parlamentarios vinculados al narcotr\u00e1fico\u201d, el tambi\u00e9n diputado Jaime Mulet se\u00f1al\u00f3 que \u201cno corresponde que se pase a la comisi\u00f3n de \u00e9tica a la diputada Orsini, ella tiene todo el derecho a emitirlas, como tambi\u00e9n tiene derecho a equivocarse. por lo mismo realiz\u00f3 una precisi\u00f3n y una correcci\u00f3n posterior\u201d.<\/p>\n\n\n\n<p>\u201cSus expresiones, que si bien pueden ser objeto de un cuestionamiento desde el punto de vista de los antecedentes que la sustentan, no necesariamente pasan a constituir una infracci\u00f3n a los deberes de las diputadas y diputados incluidos en el Reglamento de la C\u00e1mara. Los deberes \u00e9ticos tienen la finalidad de proteger a los parlamentarios, &nbsp;ante alusiones que puedan ser objeto por parte de sus colegas, lo que es propio de cuerpos normativos de esta naturaleza\u201d, a\u00f1adi\u00f3 el diputado por Atacama.<\/p>\n\n\n\n<p>Mulet Agreg\u00f3 que \u201cNo es menos cierto que en el pasado se han efectuado alusiones similares, por ejemplo, en casos de corrupci\u00f3n y de financiamiento ilegal de la pol\u00edtica, sin existir esta reacci\u00f3n desmesurada por parte de ciertos sectores pol\u00edticos. Lo que Orsini hizo fue colocar un tema que es tremendamente sensible, que nos toca de una u otra manera a todas las instituciones. Pretender que el congreso est\u00e9 aislado del fen\u00f3meno del narcotr\u00e1fico es ilusorio. El congreso claro que es permeable a este flagelo que ha penetrado y calado tan profundamente en el pa\u00eds, donde tenemos miles y miles de personas que viven del narcotr\u00e1fico. El crimen organizado, sin lugar a dudas, se acerca por definici\u00f3n al poder tratando de buscar amparo\u201d<\/p>\n\n\n\n<p>\u201cLa mejor forma que tenemos de preocuparnos de este tema es, por ejemplo, en lo que nos compete a nosotros los parlamentarios, es apurar la discusi\u00f3n de proyectos de ley tan relevantes como el de Extinci\u00f3n de Dominio, que hemos presentado, y que busca quitarles los bienes a los narcotraficantes. Tenemos que preocuparnos verdaderamente del tema de fondo y legislar sobre estas materias. Tratar hoy d\u00eda de juzgar a Maite Orsini por su imputaci\u00f3n, que adem\u00e1s precis\u00f3, no tiene sentido, y en el fondo tiene raz\u00f3n. El m\u00e9rito es haber colocado el tema en la centralidad que merece\u201d finaliz\u00f3 el presidente de la Federaci\u00f3n Regionalista Verde Social.<\/p>\n","protected":false},"excerpt":{"rendered":"<p>Respecto a las declaraciones de la diputada, donde se\u00f1al\u00f3 que \u201ccree que hay parlamentarios vinculados al narcotr\u00e1fico\u201d, el tambi\u00e9n diputado Jaime Mulet se\u00f1al\u00f3 que \u201cno&hellip; <\/p>\n","protected":false},"author":2,"featured_media":17318,"comment_status":"open","ping_status":"closed","sticky":false,"template":"","format":"standard","meta":{"footnotes":""},"categories":[7,37],"tags":[],"class_list":["post-17317","post","type-post","status-publish","format-standard","has-post-thumbnail","hentry","category-atacama","category-nacional"],"_links":{"self":[{"href":"https:\/\/www.radioamigavallenar.cl\/index.php?rest_route=\/wp\/v2\/posts\/17317","targetHints":{"allow":["GET"]}}],"collection":[{"href":"https:\/\/www.radioamigavallenar.cl\/index.php?rest_route=\/wp\/v2\/posts"}],"about":[{"href":"https:\/\/www.radioamigavallenar.cl\/index.php?rest_route=\/wp\/v2\/types\/post"}],"author":[{"embeddable":true,"href":"https:\/\/www.radioamigavallenar.cl\/index.php?rest_route=\/wp\/v2\/users\/2"}],"replies":[{"embeddable":true,"href":"https:\/\/www.radioamigavallenar.cl\/index.php?rest_route=%2Fwp%2Fv2%2Fcomments&post=17317"}],"version-history":[{"count":0,"href":"https:\/\/www.radioamigavallenar.cl\/index.php?rest_route=\/wp\/v2\/posts\/17317\/revisions"}],"wp:featuredmedia":[{"embeddable":true,"href":"https:\/\/www.radioamigavallenar.cl\/index.php?rest_route=\/wp\/v2\/media\/17318"}],"wp:attachment":[{"href":"https:\/\/www.radioamigavallenar.cl\/index.php?rest_route=%2Fwp%2Fv2%2Fmedia&parent=17317"}],"wp:term":[{"taxonomy":"category","embeddable":true,"href":"https:\/\/www.radioamigavallenar.cl\/index.php?rest_route=%2Fwp%2Fv2%2Fcategories&post=17317"},{"taxonomy":"post_tag","embeddable":true,"href":"https:\/\/www.radioamigavallenar.cl\/index.php?rest_route=%2Fwp%2Fv2%2Ftags&post=17317"}],"curies":[{"name":"wp","href":"https:\/\/api.w.org\/{rel}","templated":true}]}}